{"id":818,"date":"2016-10-26T20:00:16","date_gmt":"2016-10-26T18:00:16","guid":{"rendered":"http:\/\/orlicemb.cz\/?p=818"},"modified":"2016-11-06T15:28:17","modified_gmt":"2016-11-06T14:28:17","slug":"kladeni-vencu-28-10-2016-2","status":"publish","type":"post","link":"https:\/\/orlicemb.cz\/?p=818","title":{"rendered":"Kladen\u00ed v\u011bnc\u016f 28.10.2016"},"content":{"rendered":"<p>P\u0159ij\u010fte v p\u00e1tek 28. \u0159\u00edjna uct\u00edt pam\u00e1tku padl\u00fdch voj\u00e1k\u016f v 1. sv\u011btov\u00e9 v\u00e1lce a 98. v\u00fdro\u010d\u00ed vzniku \u010ceskoslovensk\u00e9 republiky.<\/p>\n<p><a href=\"https:\/\/orlicemb.cz\/wp-content\/uploads\/2016\/11\/Petr-Rokosk\u00fd-Kladen\u00ed-v\u011bnc\u016f-1.png\"><img loading=\"lazy\" decoding=\"async\" class=\"aligncenter size-full wp-image-819\" src=\"https:\/\/orlicemb.cz\/wp-content\/uploads\/2016\/11\/Petr-Rokosk\u00fd-Kladen\u00ed-v\u011bnc\u016f-1.png\" alt=\"petr-rokosky-kladeni-vencu-1\" width=\"771\" height=\"631\" srcset=\"https:\/\/orlicemb.cz\/wp-content\/uploads\/2016\/11\/Petr-Rokosk\u00fd-Kladen\u00ed-v\u011bnc\u016f-1.png 771w, https:\/\/orlicemb.cz\/wp-content\/uploads\/2016\/11\/Petr-Rokosk\u00fd-Kladen\u00ed-v\u011bnc\u016f-1-300x246.png 300w, https:\/\/orlicemb.cz\/wp-content\/uploads\/2016\/11\/Petr-Rokosk\u00fd-Kladen\u00ed-v\u011bnc\u016f-1-768x629.png 768w\" sizes=\"auto, (max-width: 771px) 100vw, 771px\" \/><\/a><\/p>\n","protected":false},"excerpt":{"rendered":"<p>P\u0159ij\u010fte v p\u00e1tek 28. \u0159\u00edjna uct\u00edt pam\u00e1tku padl\u00fdch voj\u00e1k\u016f v 1. sv\u011btov\u00e9 v\u00e1lce a 98. v\u00fdro\u010d\u00ed vzniku \u010ceskoslovensk\u00e9 republiky.<\/p>\n","protected":false},"author":12,"featured_media":0,"comment_status":"closed","ping_status":"closed","sticky":false,"template":"","format":"standard","meta":{"footnotes":""},"categories":[20,9],"tags":[],"class_list":["post-818","post","type-post","status-publish","format-standard","hentry","category-pozvanky-na-akce-pro-sirsi-skautskou-zakladnu","category-pozvanky"],"_links":{"self":[{"href":"https:\/\/orlicemb.cz\/index.php?rest_route=\/wp\/v2\/posts\/818","targetHints":{"allow":["GET"]}}],"collection":[{"href":"https:\/\/orlicemb.cz\/index.php?rest_route=\/wp\/v2\/posts"}],"about":[{"href":"https:\/\/orlicemb.cz\/index.php?rest_route=\/wp\/v2\/types\/post"}],"author":[{"embeddable":true,"href":"https:\/\/orlicemb.cz\/index.php?rest_route=\/wp\/v2\/users\/12"}],"replies":[{"embeddable":true,"href":"https:\/\/orlicemb.cz\/index.php?rest_route=%2Fwp%2Fv2%2Fcomments&post=818"}],"version-history":[{"count":1,"href":"https:\/\/orlicemb.cz\/index.php?rest_route=\/wp\/v2\/posts\/818\/revisions"}],"predecessor-version":[{"id":820,"href":"https:\/\/orlicemb.cz\/index.php?rest_route=\/wp\/v2\/posts\/818\/revisions\/820"}],"wp:attachment":[{"href":"https:\/\/orlicemb.cz\/index.php?rest_route=%2Fwp%2Fv2%2Fmedia&parent=818"}],"wp:term":[{"taxonomy":"category","embeddable":true,"href":"https:\/\/orlicemb.cz\/index.php?rest_route=%2Fwp%2Fv2%2Fcategories&post=818"},{"taxonomy":"post_tag","embeddable":true,"href":"https:\/\/orlicemb.cz\/index.php?rest_route=%2Fwp%2Fv2%2Ftags&post=818"}],"curies":[{"name":"wp","href":"https:\/\/api.w.org\/{rel}","templated":true}]}}