{"id":795,"date":"2016-10-10T20:42:30","date_gmt":"2016-10-10T18:42:30","guid":{"rendered":"http:\/\/orlicemb.cz\/?p=795"},"modified":"2016-10-10T20:42:30","modified_gmt":"2016-10-10T18:42:30","slug":"posvicensky-pruvod-2","status":"publish","type":"post","link":"https:\/\/orlicemb.cz\/?p=795","title":{"rendered":"Posv\u00edcensk\u00fd pr\u016fvod"},"content":{"rendered":"<p>O v\u00edkendu se v Moravsk\u00fdch Bud\u011bjovic\u00edch uskute\u010dn\u00ed tradi\u010dn\u00ed C\u00edsa\u0159sk\u00e9 posv\u00edcen\u00ed, na kter\u00e9m ani letos nebudeme chyb\u011bt \ud83d\ude09<br \/>\nZ\u00fa\u010dastn\u00edme se pr\u016fvodu m\u011bstem, kter\u00fd vyr\u00e1\u017e\u00ed ve 14:00, tak oble\u010d kroj a doraz i ty \ud83d\ude09<br \/>\n<a href=\"https:\/\/orlicemb.cz\/wp-content\/uploads\/2016\/10\/Petr-Rokosk\u00fd-Pard\u00e1l-Pr\u016fvod.png\"><img loading=\"lazy\" decoding=\"async\" class=\"aligncenter size-full wp-image-796\" src=\"https:\/\/orlicemb.cz\/wp-content\/uploads\/2016\/10\/Petr-Rokosk\u00fd-Pard\u00e1l-Pr\u016fvod.png\" alt=\"petr-rokosky-pardal-pruvod\" width=\"800\" height=\"528\" srcset=\"https:\/\/orlicemb.cz\/wp-content\/uploads\/2016\/10\/Petr-Rokosk\u00fd-Pard\u00e1l-Pr\u016fvod.png 800w, https:\/\/orlicemb.cz\/wp-content\/uploads\/2016\/10\/Petr-Rokosk\u00fd-Pard\u00e1l-Pr\u016fvod-300x198.png 300w, https:\/\/orlicemb.cz\/wp-content\/uploads\/2016\/10\/Petr-Rokosk\u00fd-Pard\u00e1l-Pr\u016fvod-768x507.png 768w\" sizes=\"auto, (max-width: 800px) 100vw, 800px\" \/><\/a><\/p>\n","protected":false},"excerpt":{"rendered":"<p>O v\u00edkendu se v Moravsk\u00fdch Bud\u011bjovic\u00edch uskute\u010dn\u00ed tradi\u010dn\u00ed C\u00edsa\u0159sk\u00e9 posv\u00edcen\u00ed, na kter\u00e9m ani letos nebudeme chyb\u011bt \ud83d\ude09 Z\u00fa\u010dastn\u00edme se pr\u016fvodu m\u011bstem, kter\u00fd vyr\u00e1\u017e\u00ed ve 14:00, tak oble\u010d kroj a doraz i ty \ud83d\ude09<\/p>\n","protected":false},"author":12,"featured_media":0,"comment_status":"closed","ping_status":"closed","sticky":false,"template":"","format":"standard","meta":{"footnotes":""},"categories":[19,9],"tags":[],"class_list":["post-795","post","type-post","status-publish","format-standard","hentry","category-co-noveho-ve-stredisku","category-pozvanky"],"_links":{"self":[{"href":"https:\/\/orlicemb.cz\/index.php?rest_route=\/wp\/v2\/posts\/795","targetHints":{"allow":["GET"]}}],"collection":[{"href":"https:\/\/orlicemb.cz\/index.php?rest_route=\/wp\/v2\/posts"}],"about":[{"href":"https:\/\/orlicemb.cz\/index.php?rest_route=\/wp\/v2\/types\/post"}],"author":[{"embeddable":true,"href":"https:\/\/orlicemb.cz\/index.php?rest_route=\/wp\/v2\/users\/12"}],"replies":[{"embeddable":true,"href":"https:\/\/orlicemb.cz\/index.php?rest_route=%2Fwp%2Fv2%2Fcomments&post=795"}],"version-history":[{"count":1,"href":"https:\/\/orlicemb.cz\/index.php?rest_route=\/wp\/v2\/posts\/795\/revisions"}],"predecessor-version":[{"id":797,"href":"https:\/\/orlicemb.cz\/index.php?rest_route=\/wp\/v2\/posts\/795\/revisions\/797"}],"wp:attachment":[{"href":"https:\/\/orlicemb.cz\/index.php?rest_route=%2Fwp%2Fv2%2Fmedia&parent=795"}],"wp:term":[{"taxonomy":"category","embeddable":true,"href":"https:\/\/orlicemb.cz\/index.php?rest_route=%2Fwp%2Fv2%2Fcategories&post=795"},{"taxonomy":"post_tag","embeddable":true,"href":"https:\/\/orlicemb.cz\/index.php?rest_route=%2Fwp%2Fv2%2Ftags&post=795"}],"curies":[{"name":"wp","href":"https:\/\/api.w.org\/{rel}","templated":true}]}}