{"id":706,"date":"2016-08-28T19:09:27","date_gmt":"2016-08-28T17:09:27","guid":{"rendered":"http:\/\/orlicemb.cz\/?p=706"},"modified":"2016-09-03T18:38:52","modified_gmt":"2016-09-03T16:38:52","slug":"kalendar-celostatnich-skautskych-akci-20162017","status":"publish","type":"post","link":"https:\/\/orlicemb.cz\/?p=706","title":{"rendered":"Kalend\u00e1\u0159 celost\u00e1tn\u00edch skautsk\u00fdch akc\u00ed 2016\/17"},"content":{"rendered":"<p>Chcete m\u00edt st\u00e1le po ruce p\u0159ehled o celost\u00e1tn\u00edch a mezin\u00e1rodn\u00edch skautsk\u00fdch akc\u00edch?\u00a0Chcete m\u00edt u\u017eite\u010dn\u00e9 term\u00edny pro pl\u00e1nov\u00e1n\u00ed skautsk\u00e9ho roku?\u00a0<span style=\"line-height: 1.5;\">St\u00e1hn\u011bte si p\u0159ehledn\u00fd jednostr\u00e1nkov\u00fd kalend\u00e1\u0159 zde:\u00a0<\/span><a style=\"line-height: 1.5;\" href=\"https:\/\/orlicemb.cz\/wp-content\/uploads\/2016\/08\/Kalend\u00e1\u0159-skautsk\u00fdch-akc\u00ed-2016-17.pdf\">Kalend\u00e1\u0159 skautsk\u00fdch akc\u00ed 2016-17<\/a><span style=\"line-height: 1.5;\">.<br \/>\nV\u00edce informac\u00ed naleznete na <a href=\"http:\/\/krizovatka.skaut.cz\/zpravodajstvi\/2672-stahnete-si-kalendar-skautskych-akci-na-rok-2016-2017\">K\u0159i\u017eovatce<\/a>.<\/span><\/p>\n<p><a href=\"https:\/\/orlicemb.cz\/wp-content\/uploads\/2016\/08\/Kalend\u00e1\u0159.jpg\"><img loading=\"lazy\" decoding=\"async\" class=\"aligncenter size-large wp-image-708\" src=\"https:\/\/orlicemb.cz\/wp-content\/uploads\/2016\/08\/Kalend\u00e1\u0159-1024x716.jpg\" alt=\"Kalend\u00e1\u0159\" width=\"474\" height=\"331\" srcset=\"https:\/\/orlicemb.cz\/wp-content\/uploads\/2016\/08\/Kalend\u00e1\u0159-1024x716.jpg 1024w, https:\/\/orlicemb.cz\/wp-content\/uploads\/2016\/08\/Kalend\u00e1\u0159-300x210.jpg 300w, https:\/\/orlicemb.cz\/wp-content\/uploads\/2016\/08\/Kalend\u00e1\u0159-768x537.jpg 768w, https:\/\/orlicemb.cz\/wp-content\/uploads\/2016\/08\/Kalend\u00e1\u0159.jpg 1356w\" sizes=\"auto, (max-width: 474px) 100vw, 474px\" \/><\/a><\/p>\n","protected":false},"excerpt":{"rendered":"<p>Chcete m\u00edt st\u00e1le po ruce p\u0159ehled o celost\u00e1tn\u00edch a mezin\u00e1rodn\u00edch skautsk\u00fdch akc\u00edch?\u00a0Chcete m\u00edt u\u017eite\u010dn\u00e9 term\u00edny pro pl\u00e1nov\u00e1n\u00ed skautsk\u00e9ho roku?\u00a0St\u00e1hn\u011bte si p\u0159ehledn\u00fd jednostr\u00e1nkov\u00fd kalend\u00e1\u0159 zde:\u00a0Kalend\u00e1\u0159 skautsk\u00fdch akc\u00ed 2016-17. V\u00edce informac\u00ed naleznete na K\u0159i\u017eovatce.<\/p>\n","protected":false},"author":12,"featured_media":0,"comment_status":"closed","ping_status":"closed","sticky":false,"template":"","format":"standard","meta":{"footnotes":""},"categories":[20],"tags":[],"class_list":["post-706","post","type-post","status-publish","format-standard","hentry","category-pozvanky-na-akce-pro-sirsi-skautskou-zakladnu"],"_links":{"self":[{"href":"https:\/\/orlicemb.cz\/index.php?rest_route=\/wp\/v2\/posts\/706","targetHints":{"allow":["GET"]}}],"collection":[{"href":"https:\/\/orlicemb.cz\/index.php?rest_route=\/wp\/v2\/posts"}],"about":[{"href":"https:\/\/orlicemb.cz\/index.php?rest_route=\/wp\/v2\/types\/post"}],"author":[{"embeddable":true,"href":"https:\/\/orlicemb.cz\/index.php?rest_route=\/wp\/v2\/users\/12"}],"replies":[{"embeddable":true,"href":"https:\/\/orlicemb.cz\/index.php?rest_route=%2Fwp%2Fv2%2Fcomments&post=706"}],"version-history":[{"count":3,"href":"https:\/\/orlicemb.cz\/index.php?rest_route=\/wp\/v2\/posts\/706\/revisions"}],"predecessor-version":[{"id":711,"href":"https:\/\/orlicemb.cz\/index.php?rest_route=\/wp\/v2\/posts\/706\/revisions\/711"}],"wp:attachment":[{"href":"https:\/\/orlicemb.cz\/index.php?rest_route=%2Fwp%2Fv2%2Fmedia&parent=706"}],"wp:term":[{"taxonomy":"category","embeddable":true,"href":"https:\/\/orlicemb.cz\/index.php?rest_route=%2Fwp%2Fv2%2Fcategories&post=706"},{"taxonomy":"post_tag","embeddable":true,"href":"https:\/\/orlicemb.cz\/index.php?rest_route=%2Fwp%2Fv2%2Ftags&post=706"}],"curies":[{"name":"wp","href":"https:\/\/api.w.org\/{rel}","templated":true}]}}