{"id":608,"date":"2016-04-12T00:24:09","date_gmt":"2016-04-11T22:24:09","guid":{"rendered":"http:\/\/orlicemb.cz\/?p=608"},"modified":"2016-04-17T19:13:05","modified_gmt":"2016-04-17T17:13:05","slug":"den-zeme-2016","status":"publish","type":"post","link":"https:\/\/orlicemb.cz\/?p=608","title":{"rendered":"Den Zem\u011b 2016"},"content":{"rendered":"<p>V p\u00e1tek 22. dubna je Den Zem\u011b, ani my nebudeme zah\u00e1let a vyraz\u00edme m\u00edsto sch\u016fzek uklidit na\u0161e m\u011bsto.<br \/>\nS sebou si vezm\u011bte pracovn\u00ed rukavice a REFLEXN\u00cd VESTU.<\/p>\n<p><a href=\"https:\/\/orlicemb.cz\/wp-content\/uploads\/2016\/03\/Den-Zem\u011b.png\" rel=\"attachment wp-att-609\"><img loading=\"lazy\" decoding=\"async\" class=\"aligncenter size-full wp-image-609\" src=\"https:\/\/orlicemb.cz\/wp-content\/uploads\/2016\/03\/Den-Zem\u011b.png\" alt=\"Den Zem\u011b 2016\" width=\"723\" height=\"1000\" srcset=\"https:\/\/orlicemb.cz\/wp-content\/uploads\/2016\/03\/Den-Zem\u011b.png 723w, https:\/\/orlicemb.cz\/wp-content\/uploads\/2016\/03\/Den-Zem\u011b-217x300.png 217w\" sizes=\"auto, (max-width: 723px) 100vw, 723px\" \/><\/a><\/p>\n<table style=\"height: 267px;\" width=\"477\">\n<tbody>\n<tr>\n<td width=\"303\"><strong>\u00dasek<\/strong><\/td>\n<td width=\"265\"><strong>Odd\u00edl<\/strong><\/td>\n<\/tr>\n<tr>\n<td width=\"303\">Koupali\u0161t\u011b a skatepark<\/td>\n<td width=\"265\">Dobrokv\u00edtci + sv\u011btlu\u0161ky<\/td>\n<\/tr>\n<tr>\n<td width=\"303\">Autobusov\u00e9 n\u00e1dra\u017e\u00ed<\/td>\n<td width=\"265\">Vl\u010data<\/td>\n<\/tr>\n<tr>\n<td width=\"303\">Dopravn\u00ed \u2013 od k\u0159i\u017eovatky a\u017e ke kruhov\u00e9mu objezdu<\/td>\n<td width=\"265\">Skauti + skautky<\/td>\n<\/tr>\n<tr>\n<td width=\"303\">Okol\u00ed benzinky a ulice Pra\u017esk\u00e1<\/td>\n<td width=\"265\">RS<\/td>\n<\/tr>\n<\/tbody>\n<\/table>\n<p>Sledujte n\u00e1s i na Facebooku:\u00a0<a href=\"http:\/\/on.fb.me\/1P5H5P5\">http:\/\/on.fb.me\/1P5H5P5<\/a><\/p>\n","protected":false},"excerpt":{"rendered":"<p>V p\u00e1tek 22. dubna je Den Zem\u011b, ani my nebudeme zah\u00e1let a vyraz\u00edme m\u00edsto sch\u016fzek uklidit na\u0161e m\u011bsto. S sebou si vezm\u011bte pracovn\u00ed rukavice a REFLEXN\u00cd VESTU. \u00dasek Odd\u00edl Koupali\u0161t\u011b a skatepark Dobrokv\u00edtci + sv\u011btlu\u0161ky Autobusov\u00e9 n\u00e1dra\u017e\u00ed Vl\u010data Dopravn\u00ed \u2013 od k\u0159i\u017eovatky a\u017e ke kruhov\u00e9mu objezdu Skauti + skautky Okol\u00ed benzinky a ulice Pra\u017esk\u00e1 RS &hellip; <a href=\"https:\/\/orlicemb.cz\/?p=608\" class=\"more-link\">Pokra\u010dov\u00e1n\u00ed textu <span class=\"screen-reader-text\">Den Zem\u011b 2016<\/span> <span class=\"meta-nav\">&rarr;<\/span><\/a><\/p>\n","protected":false},"author":12,"featured_media":0,"comment_status":"closed","ping_status":"closed","sticky":false,"template":"","format":"standard","meta":{"footnotes":""},"categories":[9],"tags":[],"class_list":["post-608","post","type-post","status-publish","format-standard","hentry","category-pozvanky"],"_links":{"self":[{"href":"https:\/\/orlicemb.cz\/index.php?rest_route=\/wp\/v2\/posts\/608","targetHints":{"allow":["GET"]}}],"collection":[{"href":"https:\/\/orlicemb.cz\/index.php?rest_route=\/wp\/v2\/posts"}],"about":[{"href":"https:\/\/orlicemb.cz\/index.php?rest_route=\/wp\/v2\/types\/post"}],"author":[{"embeddable":true,"href":"https:\/\/orlicemb.cz\/index.php?rest_route=\/wp\/v2\/users\/12"}],"replies":[{"embeddable":true,"href":"https:\/\/orlicemb.cz\/index.php?rest_route=%2Fwp%2Fv2%2Fcomments&post=608"}],"version-history":[{"count":5,"href":"https:\/\/orlicemb.cz\/index.php?rest_route=\/wp\/v2\/posts\/608\/revisions"}],"predecessor-version":[{"id":628,"href":"https:\/\/orlicemb.cz\/index.php?rest_route=\/wp\/v2\/posts\/608\/revisions\/628"}],"wp:attachment":[{"href":"https:\/\/orlicemb.cz\/index.php?rest_route=%2Fwp%2Fv2%2Fmedia&parent=608"}],"wp:term":[{"taxonomy":"category","embeddable":true,"href":"https:\/\/orlicemb.cz\/index.php?rest_route=%2Fwp%2Fv2%2Fcategories&post=608"},{"taxonomy":"post_tag","embeddable":true,"href":"https:\/\/orlicemb.cz\/index.php?rest_route=%2Fwp%2Fv2%2Ftags&post=608"}],"curies":[{"name":"wp","href":"https:\/\/api.w.org\/{rel}","templated":true}]}}