{"id":549,"date":"2016-01-15T15:58:12","date_gmt":"2016-01-15T14:58:12","guid":{"rendered":"http:\/\/orlicemb.cz\/?p=549"},"modified":"2016-01-17T19:02:24","modified_gmt":"2016-01-17T18:02:24","slug":"coffee-to-help","status":"publish","type":"post","link":"https:\/\/orlicemb.cz\/?p=549","title":{"rendered":"COFFEE TO HELP"},"content":{"rendered":"<p>V listopadu n\u00e1m od na\u0161\u00ed vedouc\u00ed Tyki p\u0159i\u0161el email, \u017ee se n\u00e1sleduj\u00edc\u00ed sch\u016fzka prodlou\u017e\u00ed. Pro\u010d? P\u0159ece proto, abychom za\u010daly p\u0159ipravovat akci, kter\u00e1 se st\u00e1v\u00e1 tradic\u00ed. Rozhodly jsme se, \u017ee kav\u00e1rna letos bude pro Baru\u0161ku Mu\u0161kovou z T\u0159ebelovic.<\/p>\n<p>Akce byla zah\u00e1jena v p\u00e1tek 18. prosince. Ka\u017ed\u00fd den byla pro hosty kav\u00e1rny p\u0159ipravena specialita dne (nap\u0159\u00edklad pa\u0159\u00ed\u017esk\u00fd dort, carrot cake&#8230;). D\u00e1le si host\u00e9 mohli pochutnat na r\u016fzn\u00fdch dezertech a slan\u00fdch pochutin\u00e1ch. Z nab\u00eddky n\u00e1poj\u016f byla na v\u00fdb\u011br nap\u0159. k\u00e1va, \u010daj, pun\u010d nebo d\u017eus. Z\u00e1kazn\u00edci m\u011bli tak\u00e9 mo\u017enost zakoupit r\u016fzn\u00e9 rukod\u011blky \u010di kn\u00ed\u017eky, vz\u00edt si jmel\u00ed a od soboty bylo v kav\u00e1rn\u011b i Betl\u00e9msk\u00e9 sv\u011btlo. Dal\u0161\u00ed novinkou byl skautkami napsan\u00fd \u010dasopis, kter\u00fd se jmenuje K\u00e1vov\u00e9 Zrno. A kolik se tedy nakonec vybralo pen\u011bz? S v\u00fdt\u011b\u017ekem z kav\u00e1rny a se v\u0161emi dary do T\u0159ebelovic poputuje t\u00e9m\u011b\u0159 90 000 K\u010d! Cht\u011bli bychom touto cestou pod\u011bkovat v\u0161em n\u00e1v\u0161t\u011bvn\u00edk\u016fm na\u0161\u00ed kav\u00e1rny, skautsk\u00fdm rodi\u010d\u016fm a tak\u00e9 na\u0161im sponzor\u016fm \u2013 spole\u010dnosti\u00a0 Jem\u010da Jemnice, rodinn\u00e9mu centru Archa, tiska\u0159stv\u00ed Tiska\u0159\u00edk a M\u011bstu Moravsk\u00e9 Bud\u011bjovice za z\u0159\u00edzen\u00ed sb\u00edrky. U\u017e se t\u011b\u0161\u00edme na dal\u0161\u00ed ro\u010dn\u00edk Coffee to Help.<\/p>\n<p style=\"text-align: right;\">\u00a0\u00a0\u00a0\u00a0\u00a0\u00a0\u00a0\u00a0\u00a0\u00a0\u00a0\u00a0\u00a0\u00a0\u00a0\u00a0\u00a0\u00a0\u00a0\u00a0\u00a0\u00a0\u00a0 Monika Net\u00edkov\u00e1<\/p>\n<p>Ji\u017e se stalo tradici, \u017ee v p\u0159edv\u00e1no\u010dn\u00ed dob\u011b zajdeme s p\u0159\u00e1teli do skautsk\u00e9 klubovny na dobrou k\u00e1vu. I letos tomu nebylo jinak. V klubovn\u011b, kter\u00e1 se na p\u00e1r dni prom\u011bn\u00ed v kav\u00e1rnu, je v\u017edy p\u0159\u00edjemn\u00e9 posezen\u00ed, mil\u00e1 obsluha a v\u00fdborn\u00e9 poho\u0161t\u011bn\u00ed. Akce COFFEE TO HELP je pro n\u00e1s spojen\u00edm p\u0159\u00edjemn\u00e9ho s u\u017eite\u010dn\u00fdm. R\u00e1di jsme p\u0159isp\u011bli do sb\u00edrky na pomoc Baru\u0161ce. Dovolujeme si t\u00edmto p\u0159ilo\u017eit pochvalu skaut\u016fm, kte\u0159\u00ed akc\u00ed organizovali, i v\u0161em ostatn\u00edm z\u00fa\u010dastn\u011bn\u00fdm. V\u0161em V\u00e1m p\u0159ejeme p\u0159i dal\u0161\u00edch charitativn\u00edch \u010dinnostech \u0161t\u011bdrou podporu a d\u016fv\u011bru ve\u0159ejnosti.<\/p>\n<p style=\"text-align: right;\">\u00da\u010dastn\u00edci akce.<\/p>\n<p style=\"text-align: left;\">Fotografie z akce:\u00a0<a href=\"https:\/\/www.zonerama.com\/strediskomoravskaorlice\/Album\/1142143\" target=\"_blank\">https:\/\/www.zonerama.com\/strediskomoravskaorlice\/Album\/1142143<\/a><\/p>\n<p style=\"text-align: right;\"><a href=\"https:\/\/orlicemb.cz\/wp-content\/uploads\/2016\/01\/DSC_0635.jpg\" target=\"_blank\" rel=\"https:\/\/www.zonerama.com\/strediskomoravskaorlice\/Album\/1142143\"><img loading=\"lazy\" decoding=\"async\" class=\"aligncenter wp-image-555 size-large\" src=\"https:\/\/orlicemb.cz\/wp-content\/uploads\/2016\/01\/DSC_0635-1024x683.jpg\" alt=\"DSC_0635\" width=\"474\" height=\"316\" srcset=\"https:\/\/orlicemb.cz\/wp-content\/uploads\/2016\/01\/DSC_0635-1024x683.jpg 1024w, https:\/\/orlicemb.cz\/wp-content\/uploads\/2016\/01\/DSC_0635-300x200.jpg 300w, https:\/\/orlicemb.cz\/wp-content\/uploads\/2016\/01\/DSC_0635-768x512.jpg 768w\" sizes=\"auto, (max-width: 474px) 100vw, 474px\" \/><\/a><\/p>\n","protected":false},"excerpt":{"rendered":"<p>V listopadu n\u00e1m od na\u0161\u00ed vedouc\u00ed Tyki p\u0159i\u0161el email, \u017ee se n\u00e1sleduj\u00edc\u00ed sch\u016fzka prodlou\u017e\u00ed. Pro\u010d? P\u0159ece proto, abychom za\u010daly p\u0159ipravovat akci, kter\u00e1 se st\u00e1v\u00e1 tradic\u00ed. Rozhodly jsme se, \u017ee kav\u00e1rna letos bude pro Baru\u0161ku Mu\u0161kovou z T\u0159ebelovic. Akce byla zah\u00e1jena v p\u00e1tek 18. prosince. Ka\u017ed\u00fd den byla pro hosty kav\u00e1rny p\u0159ipravena specialita dne (nap\u0159\u00edklad pa\u0159\u00ed\u017esk\u00fd &hellip; <a href=\"https:\/\/orlicemb.cz\/?p=549\" class=\"more-link\">Pokra\u010dov\u00e1n\u00ed textu <span class=\"screen-reader-text\">COFFEE TO HELP<\/span> <span class=\"meta-nav\">&rarr;<\/span><\/a><\/p>\n","protected":false},"author":12,"featured_media":0,"comment_status":"closed","ping_status":"closed","sticky":false,"template":"","format":"standard","meta":{"footnotes":""},"categories":[8],"tags":[],"class_list":["post-549","post","type-post","status-publish","format-standard","hentry","category-akce-2"],"_links":{"self":[{"href":"https:\/\/orlicemb.cz\/index.php?rest_route=\/wp\/v2\/posts\/549","targetHints":{"allow":["GET"]}}],"collection":[{"href":"https:\/\/orlicemb.cz\/index.php?rest_route=\/wp\/v2\/posts"}],"about":[{"href":"https:\/\/orlicemb.cz\/index.php?rest_route=\/wp\/v2\/types\/post"}],"author":[{"embeddable":true,"href":"https:\/\/orlicemb.cz\/index.php?rest_route=\/wp\/v2\/users\/12"}],"replies":[{"embeddable":true,"href":"https:\/\/orlicemb.cz\/index.php?rest_route=%2Fwp%2Fv2%2Fcomments&post=549"}],"version-history":[{"count":4,"href":"https:\/\/orlicemb.cz\/index.php?rest_route=\/wp\/v2\/posts\/549\/revisions"}],"predecessor-version":[{"id":558,"href":"https:\/\/orlicemb.cz\/index.php?rest_route=\/wp\/v2\/posts\/549\/revisions\/558"}],"wp:attachment":[{"href":"https:\/\/orlicemb.cz\/index.php?rest_route=%2Fwp%2Fv2%2Fmedia&parent=549"}],"wp:term":[{"taxonomy":"category","embeddable":true,"href":"https:\/\/orlicemb.cz\/index.php?rest_route=%2Fwp%2Fv2%2Fcategories&post=549"},{"taxonomy":"post_tag","embeddable":true,"href":"https:\/\/orlicemb.cz\/index.php?rest_route=%2Fwp%2Fv2%2Ftags&post=549"}],"curies":[{"name":"wp","href":"https:\/\/api.w.org\/{rel}","templated":true}]}}