{"id":408,"date":"2015-10-01T21:29:49","date_gmt":"2015-10-01T19:29:49","guid":{"rendered":"http:\/\/orlicemb.cz\/?p=408"},"modified":"2015-10-01T21:29:49","modified_gmt":"2015-10-01T19:29:49","slug":"drakiada-4-10-2015","status":"publish","type":"post","link":"https:\/\/orlicemb.cz\/?p=408","title":{"rendered":"Draki\u00e1da 4.10.2015"},"content":{"rendered":"<p>Ji\u017e tuto ned\u011bli se kon\u00e1 dal\u0161\u00ed tradi\u010dn\u00ed akce &#8211; DRAKI\u00c1DA<\/p>\n<p>Kde? Na leti\u0161ti v Moravsk\u00fdch Bud\u011bjovic\u00edch<\/p>\n<p>Kdy? Od 14:00 do 16:00<\/p>\n<p>Co s sebou? Draka!<\/p>\n<p>Vezm\u011bte ale i rodi\u010de, babi\u010dky, d\u011bde\u010dky, kamar\u00e1dy&#8230;<br \/>\nT\u011b\u0161\u00edme se na v\u00e1s \ud83d\ude09<\/p>\n<p><a href=\"https:\/\/orlicemb.cz\/wp-content\/uploads\/2015\/10\/Plak\u00e1tek-draki\u00e1da.jpg\"><img loading=\"lazy\" decoding=\"async\" class=\"aligncenter size-large wp-image-409\" src=\"https:\/\/orlicemb.cz\/wp-content\/uploads\/2015\/10\/Plak\u00e1tek-draki\u00e1da-1024x724.jpg\" alt=\"Pla\" width=\"474\" height=\"335\" srcset=\"https:\/\/orlicemb.cz\/wp-content\/uploads\/2015\/10\/Plak\u00e1tek-draki\u00e1da-1024x724.jpg 1024w, https:\/\/orlicemb.cz\/wp-content\/uploads\/2015\/10\/Plak\u00e1tek-draki\u00e1da-300x212.jpg 300w\" sizes=\"auto, (max-width: 474px) 100vw, 474px\" \/><\/a><\/p>\n","protected":false},"excerpt":{"rendered":"<p>Ji\u017e tuto ned\u011bli se kon\u00e1 dal\u0161\u00ed tradi\u010dn\u00ed akce &#8211; DRAKI\u00c1DA Kde? Na leti\u0161ti v Moravsk\u00fdch Bud\u011bjovic\u00edch Kdy? Od 14:00 do 16:00 Co s sebou? Draka! Vezm\u011bte ale i rodi\u010de, babi\u010dky, d\u011bde\u010dky, kamar\u00e1dy&#8230; T\u011b\u0161\u00edme se na v\u00e1s \ud83d\ude09<\/p>\n","protected":false},"author":12,"featured_media":0,"comment_status":"closed","ping_status":"closed","sticky":false,"template":"","format":"standard","meta":{"footnotes":""},"categories":[20],"tags":[],"class_list":["post-408","post","type-post","status-publish","format-standard","hentry","category-pozvanky-na-akce-pro-sirsi-skautskou-zakladnu"],"_links":{"self":[{"href":"https:\/\/orlicemb.cz\/index.php?rest_route=\/wp\/v2\/posts\/408","targetHints":{"allow":["GET"]}}],"collection":[{"href":"https:\/\/orlicemb.cz\/index.php?rest_route=\/wp\/v2\/posts"}],"about":[{"href":"https:\/\/orlicemb.cz\/index.php?rest_route=\/wp\/v2\/types\/post"}],"author":[{"embeddable":true,"href":"https:\/\/orlicemb.cz\/index.php?rest_route=\/wp\/v2\/users\/12"}],"replies":[{"embeddable":true,"href":"https:\/\/orlicemb.cz\/index.php?rest_route=%2Fwp%2Fv2%2Fcomments&post=408"}],"version-history":[{"count":1,"href":"https:\/\/orlicemb.cz\/index.php?rest_route=\/wp\/v2\/posts\/408\/revisions"}],"predecessor-version":[{"id":410,"href":"https:\/\/orlicemb.cz\/index.php?rest_route=\/wp\/v2\/posts\/408\/revisions\/410"}],"wp:attachment":[{"href":"https:\/\/orlicemb.cz\/index.php?rest_route=%2Fwp%2Fv2%2Fmedia&parent=408"}],"wp:term":[{"taxonomy":"category","embeddable":true,"href":"https:\/\/orlicemb.cz\/index.php?rest_route=%2Fwp%2Fv2%2Fcategories&post=408"},{"taxonomy":"post_tag","embeddable":true,"href":"https:\/\/orlicemb.cz\/index.php?rest_route=%2Fwp%2Fv2%2Ftags&post=408"}],"curies":[{"name":"wp","href":"https:\/\/api.w.org\/{rel}","templated":true}]}}