{"id":2692,"date":"2025-11-24T22:54:11","date_gmt":"2025-11-24T21:54:11","guid":{"rendered":"https:\/\/orlicemb.cz\/?p=2692"},"modified":"2025-11-24T22:56:35","modified_gmt":"2025-11-24T21:56:35","slug":"prehled-akci-kavarny","status":"publish","type":"post","link":"https:\/\/orlicemb.cz\/?p=2692","title":{"rendered":"P\u0159ehled akc\u00ed Coffee to Help"},"content":{"rendered":"\n<p>Srde\u010dn\u011b zveme v\u0161echny d\u011bti i dosp\u011bl\u00e9 na leto\u0161n\u00ed ro\u010dn\u00edk charitativn\u00ed akce\u00a0<strong>Coffee to Help<\/strong>.\u00a0<img decoding=\"async\" src=\"https:\/\/fonts.gstatic.com\/s\/e\/notoemoji\/16.0\/2615\/32.png\" alt=\"\u2615\"><img decoding=\"async\" src=\"https:\/\/fonts.gstatic.com\/s\/e\/notoemoji\/16.0\/1f49b\/32.png\" alt=\"\ud83d\udc9b\"><\/p>\n\n\n\n<p>V r\u00e1mci sb\u00edrky je mo\u017en\u00e9 nav\u0161t\u00edvit n\u011bkolik m\u00edst a str\u00e1vit p\u0159\u00edjemn\u00fd p\u0159edv\u00e1no\u010dn\u00ed \u010das v dobr\u00e9 spole\u010dnosti \u2013 a z\u00e1rove\u0148 podpo\u0159it dobrou v\u011bc.<br>V\u00fdt\u011b\u017eek bude po ukon\u010den\u00ed akce p\u0159ed\u00e1n rodin\u011b&nbsp;<strong>Viktora Nechv\u00e1tala z Jakubova<\/strong>.<\/p>\n\n\n\n<p>Bli\u017e\u0161\u00ed informace o jednotliv\u00fdch akc\u00edch i Viktor\u016fv p\u0159\u00edb\u011bh najdete na na\u0161ich soci\u00e1ln\u00edch s\u00edt\u00edch a plak\u00e1tech po m\u011bst\u011b.<\/p>\n\n\n\n<h2 class=\"wp-block-heading\"><img decoding=\"async\" alt=\"\ud83c\udf84\" src=\"https:\/\/fonts.gstatic.com\/s\/e\/notoemoji\/16.0\/1f384\/32.png\">&nbsp;1. V\u00e1no\u010dn\u00ed d\u00edlna<\/h2>\n\n\n\n<p><strong>Kdy:<\/strong>&nbsp;sobota 6. prosince od 14:00<br><strong>Kde:<\/strong>&nbsp;skautsk\u00e1 klubovna Moravsk\u00e9 Bud\u011bjovice<br><strong>Vstupn\u00e9:<\/strong>&nbsp;50 K\u010d (p\u0159\u00edsp\u011bvek na materi\u00e1l)<\/p>\n\n\n\n<p>V klubovn\u011b bude um\u00edst\u011bna zape\u010det\u011bn\u00e1 kasi\u010dka pro Viktorka \u2013 budeme moc r\u00e1di za jak\u00fdkoli dobrovoln\u00fd p\u0159\u00edsp\u011bvek.&nbsp;<img decoding=\"async\" alt=\"\ud83d\udc9b\" src=\"https:\/\/fonts.gstatic.com\/s\/e\/notoemoji\/16.0\/1f49b\/32.png\"><\/p>\n\n\n\n<p>Sou\u010d\u00e1st\u00ed programu bude v\u00fdroba v\u00e1no\u010dn\u00edch ozdob, v\u00e1no\u010dn\u00ed tvo\u0159en\u00ed a zdoben\u00ed pern\u00ed\u010dk\u016f. Pro v\u0161echny \u00fa\u010dastn\u00edky bude p\u0159ipraveno men\u0161\u00ed ob\u010derstven\u00ed a tepl\u00e9 n\u00e1poje.<br>Nen\u00ed pot\u0159eba nic nosit \u2013 sta\u010d\u00ed dobr\u00e1 n\u00e1lada a chu\u0165 tvo\u0159it. Akce je otev\u0159en\u00e1 ve\u0159ejnosti a vhodn\u00e1 pro v\u0161echny v\u011bkov\u00e9 kategorie. Klidn\u011b s sebou vezm\u011bte kamar\u00e1dy i rodinu, budeme se moc t\u011b\u0161it.&nbsp;<img decoding=\"async\" alt=\"\u2728\" src=\"https:\/\/fonts.gstatic.com\/s\/e\/notoemoji\/16.0\/2728\/32.png\"><\/p>\n\n\n\n<h2 class=\"wp-block-heading\"><img decoding=\"async\" alt=\"\u2615\" src=\"https:\/\/fonts.gstatic.com\/s\/e\/notoemoji\/16.0\/2615\/32.png\">&nbsp;2. Kav\u00e1rna v Jarom\u011b\u0159ic\u00edch nad Rokytnou<\/h2>\n\n\n\n<p><strong>Kdy:<\/strong>&nbsp;sobota 13. prosince<\/p>\n\n\n\n<p><strong>Kde:<\/strong>&nbsp;skautsk\u00e1 klubovna Jarom\u011b\u0159ice nad Rokytnou<br>Podrobn\u011bj\u0161\u00ed informace obdr\u017e\u00edte v samostatn\u00e9m e-mailu.<\/p>\n\n\n\n<h2 class=\"wp-block-heading\"><img decoding=\"async\" alt=\"\ud83c\udf81\" src=\"https:\/\/fonts.gstatic.com\/s\/e\/notoemoji\/16.0\/1f381\/32.png\">&nbsp;3. Prodejn\u00ed st\u00e1nek na V\u00e1no\u010dn\u00edch trz\u00edch<\/h2>\n\n\n\n<p><strong>Kdy:<\/strong>&nbsp;sobota 14. prosince<br><strong>Kde:<\/strong>&nbsp;Z\u00e1meck\u00e9 n\u00e1dvo\u0159\u00ed Moravsk\u00e9 Bud\u011bjovice<\/p>\n\n\n\n<p>Na st\u00e1nku bude mo\u017en\u00e9 zakoupit&nbsp;<strong>pun\u010d (alko\/nealko)<\/strong>&nbsp;a r\u016fzn\u00e9 rukod\u011bln\u00e9 v\u00fdrobky. Sou\u010d\u00e1st\u00ed bude tak\u00e9 sb\u00edrkov\u00e1 kasi\u010dka pro Viktorka.&nbsp;<img decoding=\"async\" alt=\"\ud83c\udf1f\" src=\"https:\/\/fonts.gstatic.com\/s\/e\/notoemoji\/16.0\/1f31f\/32.png\"><\/p>\n\n\n\n<h2 class=\"wp-block-heading\"><img decoding=\"async\" alt=\"\u2615\" src=\"https:\/\/fonts.gstatic.com\/s\/e\/notoemoji\/16.0\/2615\/32.png\">&nbsp;4. Kav\u00e1rna Coffee to Help<\/h2>\n\n\n\n<p><strong>Kdy:<\/strong>&nbsp;18.\u201321. prosince 2025<br><strong>Kde:<\/strong>&nbsp;skautsk\u00e1 klubovna Moravsk\u00e9 Bud\u011bjovice<\/p>\n\n\n\n<p>Kav\u00e1rna prob\u011bhne v tradi\u010dn\u00edm stylu. Podrobn\u00e9 informace a mo\u017enosti zapojen\u00ed (pe\u010den\u00ed, obsluha, p\u0159\u00edprava apod.) po\u0161leme v samostatn\u00e9m e-mailu.<\/p>\n\n\n\n<h3 class=\"wp-block-heading\"><img decoding=\"async\" alt=\"\ud83d\udccc\" src=\"https:\/\/fonts.gstatic.com\/s\/e\/notoemoji\/16.0\/1f4cc\/32.png\">&nbsp;Plak\u00e1ty a sd\u00edlen\u00ed<\/h3>\n\n\n\n<p>V p\u0159\u00edloze najdete plak\u00e1ty pro V\u00e1no\u010dn\u00ed d\u00edlnu a Kav\u00e1rnu \u2013 budeme moc r\u00e1di za jejich roz\u0161\u00ed\u0159en\u00ed mezi va\u0161e zn\u00e1m\u00e9.<br>Na Facebooku jsou vytvo\u0159en\u00e9 ud\u00e1losti; pokud je pr\u011bsd\u00edl\u00edte, moc t\u00edm pom\u016f\u017eete.&nbsp;<img decoding=\"async\" alt=\"\ud83d\udc9b\" src=\"https:\/\/fonts.gstatic.com\/s\/e\/notoemoji\/16.0\/1f49b\/32.png\"><\/p>\n\n\n\n<h3 class=\"wp-block-heading\"><img decoding=\"async\" alt=\"\ud83d\udc9b\" src=\"https:\/\/fonts.gstatic.com\/s\/e\/notoemoji\/16.0\/1f49b\/32.png\">&nbsp;Nem\u016f\u017eete se z\u00fa\u010dastnit, ale chcete p\u0159isp\u011bt?<\/h3>\n\n\n\n<p>Od&nbsp;<strong>1. 12. do 28. 12.<\/strong>&nbsp;bude ve vestibulu radnice v Moravsk\u00fdch Bud\u011bjovic\u00edch um\u00edst\u011bna sb\u00edrkov\u00e1 kasi\u010dka.<br>Na soci\u00e1ln\u00edch s\u00edt\u00edch tak\u00e9 zve\u0159ejn\u00edme&nbsp;<strong>QR k\u00f3d<\/strong>&nbsp;a&nbsp;<strong>\u010d\u00edslo transparentn\u00edho \u00fa\u010dtu<\/strong>.<\/p>\n\n\n\n<p>D\u011bkujeme za va\u0161i podporu, sd\u00edlen\u00ed i ka\u017edou pomocnou ruku.<br>V\u011b\u0159\u00edme, \u017ee spole\u010dn\u011b dok\u00e1\u017eeme vytvo\u0159it kr\u00e1snou p\u0159edv\u00e1no\u010dn\u00ed atmosf\u00e9ru a z\u00e1rove\u0148 pomoci tam, kde je to opravdu pot\u0159eba.&nbsp;<img decoding=\"async\" alt=\"\ud83c\udf84\" src=\"https:\/\/fonts.gstatic.com\/s\/e\/notoemoji\/16.0\/1f384\/32.png\"><img decoding=\"async\" alt=\"\ud83e\udd0d\" src=\"https:\/\/fonts.gstatic.com\/s\/e\/notoemoji\/16.0\/1f90d\/32.png\"><\/p>\n\n\n\n<p>Hezk\u00fd den<br><strong>Za t\u00fdm Coffee to Help \u2013 Pavla Ve\u010de\u0159ov\u00e1 (Pap\u00e1ja)<\/strong>&nbsp;<\/p>\n\n\n\n<figure class=\"wp-block-image size-large\"><a href=\"https:\/\/orlicemb.cz\/wp-content\/uploads\/2025\/10\/Kavarna2025.png\"><img loading=\"lazy\" decoding=\"async\" width=\"724\" height=\"1024\" src=\"https:\/\/orlicemb.cz\/wp-content\/uploads\/2025\/10\/Kavarna2025-724x1024.png\" alt=\"\" class=\"wp-image-2689\" srcset=\"https:\/\/orlicemb.cz\/wp-content\/uploads\/2025\/10\/Kavarna2025-724x1024.png 724w, https:\/\/orlicemb.cz\/wp-content\/uploads\/2025\/10\/Kavarna2025-212x300.png 212w, https:\/\/orlicemb.cz\/wp-content\/uploads\/2025\/10\/Kavarna2025-768x1086.png 768w, https:\/\/orlicemb.cz\/wp-content\/uploads\/2025\/10\/Kavarna2025-1086x1536.png 1086w, https:\/\/orlicemb.cz\/wp-content\/uploads\/2025\/10\/Kavarna2025.png 1414w\" sizes=\"auto, (max-width: 724px) 100vw, 724px\" \/><\/a><\/figure>\n","protected":false},"excerpt":{"rendered":"<p>Srde\u010dn\u011b zveme v\u0161echny d\u011bti i dosp\u011bl\u00e9 na leto\u0161n\u00ed ro\u010dn\u00edk charitativn\u00ed akce\u00a0Coffee to Help.\u00a0 V r\u00e1mci sb\u00edrky je mo\u017en\u00e9 nav\u0161t\u00edvit n\u011bkolik m\u00edst a str\u00e1vit p\u0159\u00edjemn\u00fd p\u0159edv\u00e1no\u010dn\u00ed \u010das v dobr\u00e9 spole\u010dnosti \u2013 a z\u00e1rove\u0148 podpo\u0159it dobrou v\u011bc.V\u00fdt\u011b\u017eek bude po ukon\u010den\u00ed akce p\u0159ed\u00e1n rodin\u011b&nbsp;Viktora Nechv\u00e1tala z Jakubova. Bli\u017e\u0161\u00ed informace o jednotliv\u00fdch akc\u00edch i Viktor\u016fv p\u0159\u00edb\u011bh najdete na na\u0161ich &hellip; <a href=\"https:\/\/orlicemb.cz\/?p=2692\" class=\"more-link\">Pokra\u010dov\u00e1n\u00ed textu <span class=\"screen-reader-text\">P\u0159ehled akc\u00ed Coffee to Help<\/span> <span class=\"meta-nav\">&rarr;<\/span><\/a><\/p>\n","protected":false},"author":12,"featured_media":0,"comment_status":"closed","ping_status":"closed","sticky":false,"template":"","format":"standard","meta":{"footnotes":""},"categories":[20,9],"tags":[],"class_list":["post-2692","post","type-post","status-publish","format-standard","hentry","category-pozvanky-na-akce-pro-sirsi-skautskou-zakladnu","category-pozvanky"],"_links":{"self":[{"href":"https:\/\/orlicemb.cz\/index.php?rest_route=\/wp\/v2\/posts\/2692","targetHints":{"allow":["GET"]}}],"collection":[{"href":"https:\/\/orlicemb.cz\/index.php?rest_route=\/wp\/v2\/posts"}],"about":[{"href":"https:\/\/orlicemb.cz\/index.php?rest_route=\/wp\/v2\/types\/post"}],"author":[{"embeddable":true,"href":"https:\/\/orlicemb.cz\/index.php?rest_route=\/wp\/v2\/users\/12"}],"replies":[{"embeddable":true,"href":"https:\/\/orlicemb.cz\/index.php?rest_route=%2Fwp%2Fv2%2Fcomments&post=2692"}],"version-history":[{"count":2,"href":"https:\/\/orlicemb.cz\/index.php?rest_route=\/wp\/v2\/posts\/2692\/revisions"}],"predecessor-version":[{"id":2694,"href":"https:\/\/orlicemb.cz\/index.php?rest_route=\/wp\/v2\/posts\/2692\/revisions\/2694"}],"wp:attachment":[{"href":"https:\/\/orlicemb.cz\/index.php?rest_route=%2Fwp%2Fv2%2Fmedia&parent=2692"}],"wp:term":[{"taxonomy":"category","embeddable":true,"href":"https:\/\/orlicemb.cz\/index.php?rest_route=%2Fwp%2Fv2%2Fcategories&post=2692"},{"taxonomy":"post_tag","embeddable":true,"href":"https:\/\/orlicemb.cz\/index.php?rest_route=%2Fwp%2Fv2%2Ftags&post=2692"}],"curies":[{"name":"wp","href":"https:\/\/api.w.org\/{rel}","templated":true}]}}