{"id":2670,"date":"2025-09-02T21:23:46","date_gmt":"2025-09-02T19:23:46","guid":{"rendered":"https:\/\/orlicemb.cz\/?p=2670"},"modified":"2025-09-02T21:23:46","modified_gmt":"2025-09-02T19:23:46","slug":"skauti-hledaji-nove-cleny","status":"publish","type":"post","link":"https:\/\/orlicemb.cz\/?p=2670","title":{"rendered":"Skauti hledaj\u00ed nov\u00e9 \u010dleny"},"content":{"rendered":"\n<p>Za\u010d\u00edn\u00e1 n\u00e1m nov\u00fd skautsk\u00fd rok a s n\u00edm i spousta dobrodru\u017estv\u00ed, her a nezapomenuteln\u00fdch z\u00e1\u017eitk\u016f. L\u00e1k\u00e1 va\u0161e d\u00edt\u011b p\u0159\u00edroda, objevov\u00e1n\u00ed nov\u00fdch v\u011bc\u00ed nebo r\u00e1d tr\u00e1v\u00ed \u010das s partou kamar\u00e1d\u016f? Budeme moc r\u00e1di, kdy\u017e doraz\u00edte za n\u00e1mi na n\u011bkterou z na\u0161ich n\u00e1borov\u00fdch sch\u016fzek.<\/p>\n\n\n\n<figure class=\"wp-block-image size-large\"><a href=\"https:\/\/orlicemb.cz\/wp-content\/uploads\/2025\/09\/SkautiMB-nabor.png\"><img loading=\"lazy\" decoding=\"async\" width=\"1024\" height=\"724\" src=\"https:\/\/orlicemb.cz\/wp-content\/uploads\/2025\/09\/SkautiMB-nabor-1024x724.png\" alt=\"\" class=\"wp-image-2671\" srcset=\"https:\/\/orlicemb.cz\/wp-content\/uploads\/2025\/09\/SkautiMB-nabor-1024x724.png 1024w, https:\/\/orlicemb.cz\/wp-content\/uploads\/2025\/09\/SkautiMB-nabor-300x212.png 300w, https:\/\/orlicemb.cz\/wp-content\/uploads\/2025\/09\/SkautiMB-nabor-768x543.png 768w, https:\/\/orlicemb.cz\/wp-content\/uploads\/2025\/09\/SkautiMB-nabor-1536x1086.png 1536w, https:\/\/orlicemb.cz\/wp-content\/uploads\/2025\/09\/SkautiMB-nabor.png 2000w\" sizes=\"auto, (max-width: 1024px) 100vw, 1024px\" \/><\/a><\/figure>\n","protected":false},"excerpt":{"rendered":"<p>Za\u010d\u00edn\u00e1 n\u00e1m nov\u00fd skautsk\u00fd rok a s n\u00edm i spousta dobrodru\u017estv\u00ed, her a nezapomenuteln\u00fdch z\u00e1\u017eitk\u016f. L\u00e1k\u00e1 va\u0161e d\u00edt\u011b p\u0159\u00edroda, objevov\u00e1n\u00ed nov\u00fdch v\u011bc\u00ed nebo r\u00e1d tr\u00e1v\u00ed \u010das s partou kamar\u00e1d\u016f? Budeme moc r\u00e1di, kdy\u017e doraz\u00edte za n\u00e1mi na n\u011bkterou z na\u0161ich n\u00e1borov\u00fdch sch\u016fzek.<\/p>\n","protected":false},"author":12,"featured_media":0,"comment_status":"closed","ping_status":"closed","sticky":false,"template":"","format":"standard","meta":{"footnotes":""},"categories":[19,9],"tags":[],"class_list":["post-2670","post","type-post","status-publish","format-standard","hentry","category-co-noveho-ve-stredisku","category-pozvanky"],"_links":{"self":[{"href":"https:\/\/orlicemb.cz\/index.php?rest_route=\/wp\/v2\/posts\/2670","targetHints":{"allow":["GET"]}}],"collection":[{"href":"https:\/\/orlicemb.cz\/index.php?rest_route=\/wp\/v2\/posts"}],"about":[{"href":"https:\/\/orlicemb.cz\/index.php?rest_route=\/wp\/v2\/types\/post"}],"author":[{"embeddable":true,"href":"https:\/\/orlicemb.cz\/index.php?rest_route=\/wp\/v2\/users\/12"}],"replies":[{"embeddable":true,"href":"https:\/\/orlicemb.cz\/index.php?rest_route=%2Fwp%2Fv2%2Fcomments&post=2670"}],"version-history":[{"count":1,"href":"https:\/\/orlicemb.cz\/index.php?rest_route=\/wp\/v2\/posts\/2670\/revisions"}],"predecessor-version":[{"id":2672,"href":"https:\/\/orlicemb.cz\/index.php?rest_route=\/wp\/v2\/posts\/2670\/revisions\/2672"}],"wp:attachment":[{"href":"https:\/\/orlicemb.cz\/index.php?rest_route=%2Fwp%2Fv2%2Fmedia&parent=2670"}],"wp:term":[{"taxonomy":"category","embeddable":true,"href":"https:\/\/orlicemb.cz\/index.php?rest_route=%2Fwp%2Fv2%2Fcategories&post=2670"},{"taxonomy":"post_tag","embeddable":true,"href":"https:\/\/orlicemb.cz\/index.php?rest_route=%2Fwp%2Fv2%2Ftags&post=2670"}],"curies":[{"name":"wp","href":"https:\/\/api.w.org\/{rel}","templated":true}]}}