{"id":2661,"date":"2025-07-07T16:21:02","date_gmt":"2025-07-07T14:21:02","guid":{"rendered":"https:\/\/orlicemb.cz\/?p=2661"},"modified":"2025-07-15T16:21:38","modified_gmt":"2025-07-15T14:21:38","slug":"dekujeme-za-podporu-2","status":"publish","type":"post","link":"https:\/\/orlicemb.cz\/?p=2661","title":{"rendered":"D\u011bkujeme za podporu"},"content":{"rendered":"\n<p>B\u011bhem celoro\u010dn\u00edch aktivit a na\u0161ich t\u00e1borech je vyu\u017e\u00edv\u00e1no vybaven\u00ed po\u0159\u00edzen\u00e9 v r\u00e1mci projektu &#8222;\u010cinnost skautsk\u00e9ho st\u0159ediska Moravsk\u00e9 Bud\u011bjovice v roce 2025&#8220;, kter\u00fd podpo\u0159il <a href=\"https:\/\/www.facebook.com\/krajvysocina?__cft__[0]=AZVAWK6diJ6aw9LcICAtVm4rFiqSkPo8AZtkRRnmAW0kX_X8DPnBDGtFpanWRFfHpT8p2VDAmEq5xxXV4rDeP1ApIBuxZX9MPMXvLx-CoBpckWk-TLOPEp4SdMBj5yIWdqZ6FhwjnN-gSSx16MF9S6cpSqRjnHvl5SWTKo76WaDhdsD72dWFBM3QmNSNli2IPGg&amp;__tn__=-]K-R\">Kraj Vyso\u010dina<\/a> \u010d\u00e1stkou 85.800,- K\u010d.<\/p>\n\n\n\n<figure class=\"wp-block-image size-full\"><a href=\"https:\/\/orlicemb.cz\/wp-content\/uploads\/2025\/01\/PODPORIL_KV_CMYK_zakladni.jpg\"><img loading=\"lazy\" decoding=\"async\" width=\"945\" height=\"354\" src=\"https:\/\/orlicemb.cz\/wp-content\/uploads\/2025\/01\/PODPORIL_KV_CMYK_zakladni.jpg\" alt=\"\" class=\"wp-image-2619\" srcset=\"https:\/\/orlicemb.cz\/wp-content\/uploads\/2025\/01\/PODPORIL_KV_CMYK_zakladni.jpg 945w, https:\/\/orlicemb.cz\/wp-content\/uploads\/2025\/01\/PODPORIL_KV_CMYK_zakladni-300x112.jpg 300w, https:\/\/orlicemb.cz\/wp-content\/uploads\/2025\/01\/PODPORIL_KV_CMYK_zakladni-768x288.jpg 768w\" sizes=\"auto, (max-width: 945px) 100vw, 945px\" \/><\/a><\/figure>\n\n\n\n<figure class=\"wp-block-image size-large\"><a href=\"https:\/\/orlicemb.cz\/wp-content\/uploads\/2025\/07\/20250711_132142-scaled.jpg\"><img loading=\"lazy\" decoding=\"async\" width=\"1024\" height=\"576\" src=\"https:\/\/orlicemb.cz\/wp-content\/uploads\/2025\/07\/20250711_132142-1024x576.jpg\" alt=\"\" class=\"wp-image-2663\" srcset=\"https:\/\/orlicemb.cz\/wp-content\/uploads\/2025\/07\/20250711_132142-1024x576.jpg 1024w, https:\/\/orlicemb.cz\/wp-content\/uploads\/2025\/07\/20250711_132142-300x169.jpg 300w, https:\/\/orlicemb.cz\/wp-content\/uploads\/2025\/07\/20250711_132142-768x432.jpg 768w, https:\/\/orlicemb.cz\/wp-content\/uploads\/2025\/07\/20250711_132142-1536x864.jpg 1536w, https:\/\/orlicemb.cz\/wp-content\/uploads\/2025\/07\/20250711_132142-2048x1152.jpg 2048w\" sizes=\"auto, (max-width: 1024px) 100vw, 1024px\" \/><\/a><\/figure>\n","protected":false},"excerpt":{"rendered":"<p>B\u011bhem celoro\u010dn\u00edch aktivit a na\u0161ich t\u00e1borech je vyu\u017e\u00edv\u00e1no vybaven\u00ed po\u0159\u00edzen\u00e9 v r\u00e1mci projektu &#8222;\u010cinnost skautsk\u00e9ho st\u0159ediska Moravsk\u00e9 Bud\u011bjovice v roce 2025&#8220;, kter\u00fd podpo\u0159il Kraj Vyso\u010dina \u010d\u00e1stkou 85.800,- K\u010d.<\/p>\n","protected":false},"author":12,"featured_media":0,"comment_status":"closed","ping_status":"closed","sticky":false,"template":"","format":"standard","meta":{"footnotes":""},"categories":[19],"tags":[],"class_list":["post-2661","post","type-post","status-publish","format-standard","hentry","category-co-noveho-ve-stredisku"],"_links":{"self":[{"href":"https:\/\/orlicemb.cz\/index.php?rest_route=\/wp\/v2\/posts\/2661","targetHints":{"allow":["GET"]}}],"collection":[{"href":"https:\/\/orlicemb.cz\/index.php?rest_route=\/wp\/v2\/posts"}],"about":[{"href":"https:\/\/orlicemb.cz\/index.php?rest_route=\/wp\/v2\/types\/post"}],"author":[{"embeddable":true,"href":"https:\/\/orlicemb.cz\/index.php?rest_route=\/wp\/v2\/users\/12"}],"replies":[{"embeddable":true,"href":"https:\/\/orlicemb.cz\/index.php?rest_route=%2Fwp%2Fv2%2Fcomments&post=2661"}],"version-history":[{"count":1,"href":"https:\/\/orlicemb.cz\/index.php?rest_route=\/wp\/v2\/posts\/2661\/revisions"}],"predecessor-version":[{"id":2664,"href":"https:\/\/orlicemb.cz\/index.php?rest_route=\/wp\/v2\/posts\/2661\/revisions\/2664"}],"wp:attachment":[{"href":"https:\/\/orlicemb.cz\/index.php?rest_route=%2Fwp%2Fv2%2Fmedia&parent=2661"}],"wp:term":[{"taxonomy":"category","embeddable":true,"href":"https:\/\/orlicemb.cz\/index.php?rest_route=%2Fwp%2Fv2%2Fcategories&post=2661"},{"taxonomy":"post_tag","embeddable":true,"href":"https:\/\/orlicemb.cz\/index.php?rest_route=%2Fwp%2Fv2%2Ftags&post=2661"}],"curies":[{"name":"wp","href":"https:\/\/api.w.org\/{rel}","templated":true}]}}