{"id":2636,"date":"2025-04-27T22:52:29","date_gmt":"2025-04-27T20:52:29","guid":{"rendered":"https:\/\/orlicemb.cz\/?p=2636"},"modified":"2025-04-27T22:52:29","modified_gmt":"2025-04-27T20:52:29","slug":"brigada-na-taboristi-6","status":"publish","type":"post","link":"https:\/\/orlicemb.cz\/?p=2636","title":{"rendered":"Brig\u00e1da na t\u00e1bo\u0159i\u0161ti"},"content":{"rendered":"\n<p>I letos bychom v\u00e1s r\u00e1di pozvali na brig\u00e1du na na\u0161em t\u00e1bo\u0159i\u0161ti, kter\u00e1 se uskute\u010dn\u00ed v sobotu 3. kv\u011btna 2025.<img loading=\"lazy\" decoding=\"async\" height=\"16\" width=\"16\" alt=\"\u2728\" src=\"https:\/\/static.xx.fbcdn.net\/images\/emoji.php\/v9\/tf4\/1\/16\/2728.png\"><img loading=\"lazy\" decoding=\"async\" height=\"16\" width=\"16\" alt=\"\ud83c\udf31\" src=\"https:\/\/static.xx.fbcdn.net\/images\/emoji.php\/v9\/t69\/1\/16\/1f331.png\"><\/p>\n\n\n\n<p>Bude na n\u00e1s \u010dekat pr\u00e1ce v okol\u00ed t\u00e1bo\u0159i\u0161t\u011b &#8211; nejsp\u00ed\u0161e v p\u0159\u00edrodn\u00ed rezervaci Had\u00ed vrch a brou\u0161en\u00ed t\u00fdpkov\u00fdch ty\u010d\u00ed a\u0165 jsou p\u0159ipraveny na letn\u00ed t\u00e1bory. Leto\u0161n\u00ed akci jsme se rozhodli c\u00edlit na star\u0161\u00ed \u010dleny na\u0161eho st\u0159ediska, tedy z \u0159ad skaut\u016f, skautek, rover\u016f, rangers a dosp\u011bl\u00fdch. Pokud by cht\u011bli jet i mlad\u0161\u00ed \u010dlenov\u00e9, tak pros\u00edme pouze s doprovodem rodi\u010de. <img loading=\"lazy\" decoding=\"async\" height=\"16\" width=\"16\" alt=\"\ud83d\ude4f\" src=\"https:\/\/static.xx.fbcdn.net\/images\/emoji.php\/v9\/t80\/1\/16\/1f64f.png\"><\/p>\n\n\n\n<p><img loading=\"lazy\" decoding=\"async\" height=\"16\" width=\"16\" alt=\"\u27a1\ufe0f\" src=\"https:\/\/static.xx.fbcdn.net\/images\/emoji.php\/v9\/t9e\/1\/16\/27a1.png\">V p\u0159\u00edpad\u011b z\u00e1jmu se <a><\/a>pros\u00edm nahla\u0161ujte pomoc\u00ed kr\u00e1tk\u00e9ho formul\u00e1\u0159e na tomto odkaze: <a href=\"https:\/\/forms.gle\/fNiFBGypxnau94GPA?fbclid=IwZXh0bgNhZW0CMTAAYnJpZBExY2VHMFp4NHdlYkdmQ2laMAEeX4WYJJ5j7-B16dPJBwXrmGximakDJSSNM_Fg93tX0v8KO3IAFBXtrSPmrdY_aem_k-oog30Nu9skS--SfLe0iQ\" rel=\"noreferrer noopener\" target=\"_blank\">https:\/\/forms.gle\/fNiFBGypxnau94GPA<\/a>.<\/p>\n\n\n\n<figure class=\"wp-block-image size-large\"><a href=\"https:\/\/orlicemb.cz\/wp-content\/uploads\/2025\/04\/Jarni-brigada-na-taboristi-2025.png\"><img loading=\"lazy\" decoding=\"async\" width=\"724\" height=\"1024\" src=\"https:\/\/orlicemb.cz\/wp-content\/uploads\/2025\/04\/Jarni-brigada-na-taboristi-2025-724x1024.png\" alt=\"\" class=\"wp-image-2637\" srcset=\"https:\/\/orlicemb.cz\/wp-content\/uploads\/2025\/04\/Jarni-brigada-na-taboristi-2025-724x1024.png 724w, https:\/\/orlicemb.cz\/wp-content\/uploads\/2025\/04\/Jarni-brigada-na-taboristi-2025-212x300.png 212w, https:\/\/orlicemb.cz\/wp-content\/uploads\/2025\/04\/Jarni-brigada-na-taboristi-2025-768x1086.png 768w, https:\/\/orlicemb.cz\/wp-content\/uploads\/2025\/04\/Jarni-brigada-na-taboristi-2025-1086x1536.png 1086w, https:\/\/orlicemb.cz\/wp-content\/uploads\/2025\/04\/Jarni-brigada-na-taboristi-2025.png 1414w\" sizes=\"auto, (max-width: 724px) 100vw, 724px\" \/><\/a><\/figure>\n","protected":false},"excerpt":{"rendered":"<p>I letos bychom v\u00e1s r\u00e1di pozvali na brig\u00e1du na na\u0161em t\u00e1bo\u0159i\u0161ti, kter\u00e1 se uskute\u010dn\u00ed v sobotu 3. kv\u011btna 2025. Bude na n\u00e1s \u010dekat pr\u00e1ce v okol\u00ed t\u00e1bo\u0159i\u0161t\u011b &#8211; nejsp\u00ed\u0161e v p\u0159\u00edrodn\u00ed rezervaci Had\u00ed vrch a brou\u0161en\u00ed t\u00fdpkov\u00fdch ty\u010d\u00ed a\u0165 jsou p\u0159ipraveny na letn\u00ed t\u00e1bory. Leto\u0161n\u00ed akci jsme se rozhodli c\u00edlit na star\u0161\u00ed \u010dleny na\u0161eho st\u0159ediska, &hellip; <a href=\"https:\/\/orlicemb.cz\/?p=2636\" class=\"more-link\">Pokra\u010dov\u00e1n\u00ed textu <span class=\"screen-reader-text\">Brig\u00e1da na t\u00e1bo\u0159i\u0161ti<\/span> <span class=\"meta-nav\">&rarr;<\/span><\/a><\/p>\n","protected":false},"author":12,"featured_media":0,"comment_status":"closed","ping_status":"closed","sticky":false,"template":"","format":"standard","meta":{"footnotes":""},"categories":[20,9],"tags":[],"class_list":["post-2636","post","type-post","status-publish","format-standard","hentry","category-pozvanky-na-akce-pro-sirsi-skautskou-zakladnu","category-pozvanky"],"_links":{"self":[{"href":"https:\/\/orlicemb.cz\/index.php?rest_route=\/wp\/v2\/posts\/2636","targetHints":{"allow":["GET"]}}],"collection":[{"href":"https:\/\/orlicemb.cz\/index.php?rest_route=\/wp\/v2\/posts"}],"about":[{"href":"https:\/\/orlicemb.cz\/index.php?rest_route=\/wp\/v2\/types\/post"}],"author":[{"embeddable":true,"href":"https:\/\/orlicemb.cz\/index.php?rest_route=\/wp\/v2\/users\/12"}],"replies":[{"embeddable":true,"href":"https:\/\/orlicemb.cz\/index.php?rest_route=%2Fwp%2Fv2%2Fcomments&post=2636"}],"version-history":[{"count":1,"href":"https:\/\/orlicemb.cz\/index.php?rest_route=\/wp\/v2\/posts\/2636\/revisions"}],"predecessor-version":[{"id":2638,"href":"https:\/\/orlicemb.cz\/index.php?rest_route=\/wp\/v2\/posts\/2636\/revisions\/2638"}],"wp:attachment":[{"href":"https:\/\/orlicemb.cz\/index.php?rest_route=%2Fwp%2Fv2%2Fmedia&parent=2636"}],"wp:term":[{"taxonomy":"category","embeddable":true,"href":"https:\/\/orlicemb.cz\/index.php?rest_route=%2Fwp%2Fv2%2Fcategories&post=2636"},{"taxonomy":"post_tag","embeddable":true,"href":"https:\/\/orlicemb.cz\/index.php?rest_route=%2Fwp%2Fv2%2Ftags&post=2636"}],"curies":[{"name":"wp","href":"https:\/\/api.w.org\/{rel}","templated":true}]}}