{"id":2535,"date":"2024-02-26T23:16:40","date_gmt":"2024-02-26T22:16:40","guid":{"rendered":"https:\/\/orlicemb.cz\/?p=2535"},"modified":"2024-02-26T23:16:40","modified_gmt":"2024-02-26T22:16:40","slug":"velkopatecni-pleteni-pomlazek-a-kosiku","status":"publish","type":"post","link":"https:\/\/orlicemb.cz\/?p=2535","title":{"rendered":"Velkop\u00e1te\u010dn\u00ed pleten\u00ed poml\u00e1zek a ko\u0161\u00edk\u016f"},"content":{"rendered":"\n<p>Na Velk\u00fd p\u00e1tek 29. b\u0159ezna v\u00e1s zveme na pletn\u00ed \u017eil a ko\u0161\u00edk\u016f s odborn\u00edkem panem Fab\u00edkem. Akce bude prob\u00edhat <strong>od 9:00<\/strong> do cca 12:00. Pleten\u00ed \u017eil a ko\u0161\u00edky bude prob\u00edhat v hasi\u010d\u00e1rn\u011b odkud si m\u016f\u017eete sv\u00e9 v\u00fdrobky odn\u00e9st dom\u016f.<\/p>\n\n\n\n<figure class=\"wp-block-image size-large\"><a href=\"https:\/\/orlicemb.cz\/wp-content\/uploads\/2024\/02\/Velikonoce-2024.png\"><img loading=\"lazy\" decoding=\"async\" width=\"724\" height=\"1024\" src=\"https:\/\/orlicemb.cz\/wp-content\/uploads\/2024\/02\/Velikonoce-2024-724x1024.png\" alt=\"\" class=\"wp-image-2536\" srcset=\"https:\/\/orlicemb.cz\/wp-content\/uploads\/2024\/02\/Velikonoce-2024-724x1024.png 724w, https:\/\/orlicemb.cz\/wp-content\/uploads\/2024\/02\/Velikonoce-2024-212x300.png 212w, https:\/\/orlicemb.cz\/wp-content\/uploads\/2024\/02\/Velikonoce-2024-768x1086.png 768w, https:\/\/orlicemb.cz\/wp-content\/uploads\/2024\/02\/Velikonoce-2024-1086x1536.png 1086w, https:\/\/orlicemb.cz\/wp-content\/uploads\/2024\/02\/Velikonoce-2024-1448x2048.png 1448w, https:\/\/orlicemb.cz\/wp-content\/uploads\/2024\/02\/Velikonoce-2024.png 1587w\" sizes=\"auto, (max-width: 724px) 100vw, 724px\" \/><\/a><\/figure>\n","protected":false},"excerpt":{"rendered":"<p>Na Velk\u00fd p\u00e1tek 29. b\u0159ezna v\u00e1s zveme na pletn\u00ed \u017eil a ko\u0161\u00edk\u016f s odborn\u00edkem panem Fab\u00edkem. Akce bude prob\u00edhat od 9:00 do cca 12:00. Pleten\u00ed \u017eil a ko\u0161\u00edky bude prob\u00edhat v hasi\u010d\u00e1rn\u011b odkud si m\u016f\u017eete sv\u00e9 v\u00fdrobky odn\u00e9st dom\u016f.<\/p>\n","protected":false},"author":12,"featured_media":0,"comment_status":"closed","ping_status":"closed","sticky":false,"template":"","format":"standard","meta":{"footnotes":""},"categories":[20,9],"tags":[],"class_list":["post-2535","post","type-post","status-publish","format-standard","hentry","category-pozvanky-na-akce-pro-sirsi-skautskou-zakladnu","category-pozvanky"],"_links":{"self":[{"href":"https:\/\/orlicemb.cz\/index.php?rest_route=\/wp\/v2\/posts\/2535","targetHints":{"allow":["GET"]}}],"collection":[{"href":"https:\/\/orlicemb.cz\/index.php?rest_route=\/wp\/v2\/posts"}],"about":[{"href":"https:\/\/orlicemb.cz\/index.php?rest_route=\/wp\/v2\/types\/post"}],"author":[{"embeddable":true,"href":"https:\/\/orlicemb.cz\/index.php?rest_route=\/wp\/v2\/users\/12"}],"replies":[{"embeddable":true,"href":"https:\/\/orlicemb.cz\/index.php?rest_route=%2Fwp%2Fv2%2Fcomments&post=2535"}],"version-history":[{"count":1,"href":"https:\/\/orlicemb.cz\/index.php?rest_route=\/wp\/v2\/posts\/2535\/revisions"}],"predecessor-version":[{"id":2537,"href":"https:\/\/orlicemb.cz\/index.php?rest_route=\/wp\/v2\/posts\/2535\/revisions\/2537"}],"wp:attachment":[{"href":"https:\/\/orlicemb.cz\/index.php?rest_route=%2Fwp%2Fv2%2Fmedia&parent=2535"}],"wp:term":[{"taxonomy":"category","embeddable":true,"href":"https:\/\/orlicemb.cz\/index.php?rest_route=%2Fwp%2Fv2%2Fcategories&post=2535"},{"taxonomy":"post_tag","embeddable":true,"href":"https:\/\/orlicemb.cz\/index.php?rest_route=%2Fwp%2Fv2%2Ftags&post=2535"}],"curies":[{"name":"wp","href":"https:\/\/api.w.org\/{rel}","templated":true}]}}