{"id":2510,"date":"2023-12-08T16:00:00","date_gmt":"2023-12-08T15:00:00","guid":{"rendered":"https:\/\/orlicemb.cz\/?p=2510"},"modified":"2023-12-07T23:41:08","modified_gmt":"2023-12-07T22:41:08","slug":"materialni-pomoc-ukrajine","status":"publish","type":"post","link":"https:\/\/orlicemb.cz\/?p=2510","title":{"rendered":"Materi\u00e1ln\u00ed pomoc Ukrajin\u011b"},"content":{"rendered":"\n<p>Ve spolupr\u00e1ci s m\u00edstn\u00ed ukrajinskou komunitou po\u0159\u00e1d\u00e1me sb\u00edrku pro bojuj\u00edc\u00ed Ukrajince a lidi v Charkovsk\u00e9 oblasti. <em>Ve spolupr\u00e1ci s m\u00edstn\u00ed ukrajinskou komunitou po\u0159\u00e1d\u00e1me sb\u00edrku pro bojuj\u00edc\u00ed Ukrajince a lidi v Charkovsk\u00e9 oblasti.\u00a0<strong>Ve\u00a0\u010dtvrtek 14. prosince 2023 od 15:00 do 18:00 hod. vyb\u00edr\u00e1me\u00a0v pr\u016fjezdu budovy b\u00fdval\u00e9 hasi\u010d\u00e1rny spac\u00e1ky,\u00a0karimatky, deky, termopr\u00e1dlo, pono\u017eky, obecn\u011b tepl\u00e9 pr\u00e1dlo a d\u00e1msk\u00e9 vlo\u017eky.<\/strong><\/em>\u00a0<em>V\u011bci pros\u00edm nebalte, budou rozt\u0159\u00edd\u011bny a zabaleny\u00a0dle po\u017eadavk\u016f ukrajinsk\u00e9 strany, tak aby se dostali\u00a0v\u010das na spr\u00e1vn\u00e9 m\u00edsto. Stejn\u011b tak pros\u00edm nenoste potraviny, na n\u011b tato sb\u00edrka nen\u00ed ur\u010dena.<\/em> V\u011bci pros\u00edm nebalte, budou rozt\u0159\u00edd\u011bny a zabaleny dle po\u017eadavk\u016f ukrajinsk\u00e9 strany, tak aby se dostali v\u010das na spr\u00e1vn\u00e9 m\u00edsto. Stejn\u011b tak pros\u00edm nenoste potraviny, na n\u011b tato sb\u00edrka nen\u00ed ur\u010dena.<\/p>\n\n\n\n<figure class=\"wp-block-image size-large\"><a href=\"https:\/\/orlicemb.cz\/wp-content\/uploads\/2023\/12\/Materialni-sbirka-pro-Ukrajinu-2023.png\"><img loading=\"lazy\" decoding=\"async\" width=\"1024\" height=\"724\" src=\"https:\/\/orlicemb.cz\/wp-content\/uploads\/2023\/12\/Materialni-sbirka-pro-Ukrajinu-2023-1024x724.png\" alt=\"\" class=\"wp-image-2511\" srcset=\"https:\/\/orlicemb.cz\/wp-content\/uploads\/2023\/12\/Materialni-sbirka-pro-Ukrajinu-2023-1024x724.png 1024w, https:\/\/orlicemb.cz\/wp-content\/uploads\/2023\/12\/Materialni-sbirka-pro-Ukrajinu-2023-300x212.png 300w, https:\/\/orlicemb.cz\/wp-content\/uploads\/2023\/12\/Materialni-sbirka-pro-Ukrajinu-2023-768x543.png 768w, https:\/\/orlicemb.cz\/wp-content\/uploads\/2023\/12\/Materialni-sbirka-pro-Ukrajinu-2023-1536x1086.png 1536w, https:\/\/orlicemb.cz\/wp-content\/uploads\/2023\/12\/Materialni-sbirka-pro-Ukrajinu-2023.png 2000w\" sizes=\"auto, (max-width: 1024px) 100vw, 1024px\" \/><\/a><\/figure>\n","protected":false},"excerpt":{"rendered":"<p>Ve spolupr\u00e1ci s m\u00edstn\u00ed ukrajinskou komunitou po\u0159\u00e1d\u00e1me sb\u00edrku pro bojuj\u00edc\u00ed Ukrajince a lidi v Charkovsk\u00e9 oblasti. Ve spolupr\u00e1ci s m\u00edstn\u00ed ukrajinskou komunitou po\u0159\u00e1d\u00e1me sb\u00edrku pro bojuj\u00edc\u00ed Ukrajince a lidi v Charkovsk\u00e9 oblasti.\u00a0Ve\u00a0\u010dtvrtek 14. prosince 2023 od 15:00 do 18:00 hod. vyb\u00edr\u00e1me\u00a0v pr\u016fjezdu budovy b\u00fdval\u00e9 hasi\u010d\u00e1rny spac\u00e1ky,\u00a0karimatky, deky, termopr\u00e1dlo, pono\u017eky, obecn\u011b tepl\u00e9 pr\u00e1dlo a d\u00e1msk\u00e9 vlo\u017eky.\u00a0V\u011bci &hellip; <a href=\"https:\/\/orlicemb.cz\/?p=2510\" class=\"more-link\">Pokra\u010dov\u00e1n\u00ed textu <span class=\"screen-reader-text\">Materi\u00e1ln\u00ed pomoc Ukrajin\u011b<\/span> <span class=\"meta-nav\">&rarr;<\/span><\/a><\/p>\n","protected":false},"author":12,"featured_media":0,"comment_status":"closed","ping_status":"closed","sticky":false,"template":"","format":"standard","meta":{"footnotes":""},"categories":[19],"tags":[],"class_list":["post-2510","post","type-post","status-publish","format-standard","hentry","category-co-noveho-ve-stredisku"],"_links":{"self":[{"href":"https:\/\/orlicemb.cz\/index.php?rest_route=\/wp\/v2\/posts\/2510","targetHints":{"allow":["GET"]}}],"collection":[{"href":"https:\/\/orlicemb.cz\/index.php?rest_route=\/wp\/v2\/posts"}],"about":[{"href":"https:\/\/orlicemb.cz\/index.php?rest_route=\/wp\/v2\/types\/post"}],"author":[{"embeddable":true,"href":"https:\/\/orlicemb.cz\/index.php?rest_route=\/wp\/v2\/users\/12"}],"replies":[{"embeddable":true,"href":"https:\/\/orlicemb.cz\/index.php?rest_route=%2Fwp%2Fv2%2Fcomments&post=2510"}],"version-history":[{"count":1,"href":"https:\/\/orlicemb.cz\/index.php?rest_route=\/wp\/v2\/posts\/2510\/revisions"}],"predecessor-version":[{"id":2512,"href":"https:\/\/orlicemb.cz\/index.php?rest_route=\/wp\/v2\/posts\/2510\/revisions\/2512"}],"wp:attachment":[{"href":"https:\/\/orlicemb.cz\/index.php?rest_route=%2Fwp%2Fv2%2Fmedia&parent=2510"}],"wp:term":[{"taxonomy":"category","embeddable":true,"href":"https:\/\/orlicemb.cz\/index.php?rest_route=%2Fwp%2Fv2%2Fcategories&post=2510"},{"taxonomy":"post_tag","embeddable":true,"href":"https:\/\/orlicemb.cz\/index.php?rest_route=%2Fwp%2Fv2%2Ftags&post=2510"}],"curies":[{"name":"wp","href":"https:\/\/api.w.org\/{rel}","templated":true}]}}