{"id":2402,"date":"2023-03-18T18:21:08","date_gmt":"2023-03-18T17:21:08","guid":{"rendered":"https:\/\/orlicemb.cz\/?p=2402"},"modified":"2023-04-02T18:24:05","modified_gmt":"2023-04-02T16:24:05","slug":"skautska-vyprava-bez-elektriny","status":"publish","type":"post","link":"https:\/\/orlicemb.cz\/?p=2402","title":{"rendered":"Skautsk\u00e1 v\u00fdprava bez elekt\u0159iny"},"content":{"rendered":"\n<p>Na za\u010d\u00e1tku b\u0159ezna vyrazili skauti z 5. odd\u00edlu Hv\u011bzda na v\u00fdpravu do N\u00e1m\u011b\u0161t\u011b nad Oslavou. D\u00edky netradi\u010dn\u00edmu ubytov\u00e1n\u00ed si p\u0159i celov\u00edkendov\u00e9 v\u00fdprav\u011b vyzkou\u0161eli, jak\u00e9 to bylo \u017e\u00edt bez elekt\u0159iny a centr\u00e1ln\u00edho vyt\u00e1p\u011bn\u00ed. Na\u0161t\u011bst\u00ed ji\u017e p\u0159i p\u0159\u00edchodu byla vid\u011bt dostate\u010dn\u00e1 z\u00e1soba d\u0159eva, tak\u017ee o palivo na p\u0159ikl\u00e1d\u00e1n\u00ed nebyla nouze, bylo v\u0161ak nutn\u00e9 cel\u00fd ve\u010der kontrolovat, aby ohe\u0148 v krbov\u00fdch kamnech st\u00e1le ho\u0159el. P\u00e1te\u010dn\u00ed ve\u010der str\u00e1vili skauti v\u00fdrobou model\u016f katapult\u016f a jejich testov\u00e1n\u00ed ve v\u0161emo\u017en\u00fdch discipl\u00edn\u00e1ch za osv\u011btlen\u00ed sv\u00edtilnami a \u010delovkami.<\/p>\n\n\n\n<p>V\u00a0sobotu, po vst\u00e1v\u00e1n\u00ed do studen\u00e9ho r\u00e1na a zah\u0159\u00e1t\u00ed tepl\u00fdm \u010dajem u sn\u00eddan\u011b, \u010dekal na mlad\u0161\u00ed \u010dleny odd\u00edlu z\u00e1vod k\u00a0nov\u00e1\u010dkovsk\u00e9 zkou\u0161ce. Dopoledn\u00ed aktivita, kter\u00e1 c\u00edlila na zlep\u0161en\u00ed samostatnosti a ov\u011b\u0159en\u00ed n\u011bkolika dovednost\u00ed ze skautsk\u00e9 stezky (nap\u0159. zdravov\u011bdy, zru\u010dnosti, rozd\u011bl\u00e1v\u00e1n\u00ed ohn\u011b\u2026) vedla po \u010derven\u00e9 turistick\u00e9 zna\u010dce pod\u00e9l \u0159eky Oslavy a Otradick\u00e9ho potoka. Jakmile v\u0161ichni zd\u00e1rn\u011b dokon\u010dili samostatnou trasu, n\u00e1sledoval ob\u011bd a spole\u010dn\u00e9 pokra\u010dov\u00e1n\u00ed patn\u00e1ctikilometrov\u00e9 trasy kolem jino\u0161ovsk\u00e9 obory s\u00a0da\u0148ky zp\u011bt do N\u00e1m\u011b\u0161t\u011b nad Oslavou. Po p\u0159\u00edchodu \u010dekal skauty ji\u017e tradi\u010dn\u00ed ritu\u00e1l v\u00a0podob\u011b roztopen\u00ed kamen, kter\u00e9 vyt\u00e1p\u011bly celou budovu. N\u00e1sledovalo kr\u00e1tk\u00e9 zhodnocen\u00ed cel\u00e9ho dopoledn\u00edho programu a pln\u011bn\u00ed n\u011bkolika teoretick\u00fdch aktivit ze skautsk\u00e9 stezky. Stejn\u011b jako v\u00fdlet, tak i podve\u010dern\u00ed aktivity byly prolo\u017eeny skautsk\u00fdmi hrami. Po nich n\u00e1sledovala spole\u010dn\u00e1 p\u0159\u00edprava ve\u010de\u0159e, kter\u00e9 op\u011bt kon\u010dila ji\u017e za svitu \u010delov\u00fdch sv\u00edtilen. Absence elekt\u0159iny v\u0161ak nic neub\u00edrala na chuti vlastnoru\u010dn\u011b uva\u0159en\u00e9ho gul\u00e1\u0161e. Po n\u011bm ji\u017e jen oh\u0159\u00e1t si teplou vodu na umyt\u00ed n\u00e1dob\u00ed, doj\u00edst z\u00a0hrnce posledn\u00ed zbytky a mohlo se vyrazit na ve\u010dern\u00ed hru v\u00a0nedalek\u00e9m lese.<\/p>\n\n\n\n<p>Ned\u011bln\u00ed dopoledne zah\u00e1jen\u00e9 rozcvi\u010dkou a sn\u00eddan\u00ed str\u00e1vili skauti \u00faklidem. I zde si uv\u011bdomili v\u00fdhod elekt\u0159iny, nebo\u0165 vysava\u010d, kter\u00fd na z\u00e1kladn\u011b sice byl, nebylo jak uv\u00e9st do chodu. Po \u00faklidu, s&nbsp;my\u0161lenkami na v\u010derej\u0161\u00ed v\u00fdrazn\u011b hez\u010d\u00ed po\u010das\u00ed, vyrazili skauti z&nbsp;5. odd\u00edlu na nedalek\u00e9 n\u00e1dra\u017e\u00ed a cestu dom\u016f.<\/p>\n\n\n\n<figure class=\"wp-block-image size-large\"><a href=\"https:\/\/orlicemb.cz\/wp-content\/uploads\/2023\/04\/20230304_175521-scaled.jpg\"><img loading=\"lazy\" decoding=\"async\" width=\"1024\" height=\"576\" src=\"https:\/\/orlicemb.cz\/wp-content\/uploads\/2023\/04\/20230304_175521-1024x576.jpg\" alt=\"\" class=\"wp-image-2403\" srcset=\"https:\/\/orlicemb.cz\/wp-content\/uploads\/2023\/04\/20230304_175521-1024x576.jpg 1024w, https:\/\/orlicemb.cz\/wp-content\/uploads\/2023\/04\/20230304_175521-300x169.jpg 300w, https:\/\/orlicemb.cz\/wp-content\/uploads\/2023\/04\/20230304_175521-768x432.jpg 768w, https:\/\/orlicemb.cz\/wp-content\/uploads\/2023\/04\/20230304_175521-1536x864.jpg 1536w, https:\/\/orlicemb.cz\/wp-content\/uploads\/2023\/04\/20230304_175521-2048x1152.jpg 2048w\" sizes=\"auto, (max-width: 1024px) 100vw, 1024px\" \/><\/a><\/figure>\n\n\n\n<figure class=\"wp-block-image size-large\"><a href=\"https:\/\/orlicemb.cz\/wp-content\/uploads\/2023\/04\/DSC_0871-scaled.jpg\"><img loading=\"lazy\" decoding=\"async\" width=\"1024\" height=\"651\" src=\"https:\/\/orlicemb.cz\/wp-content\/uploads\/2023\/04\/DSC_0871-1024x651.jpg\" alt=\"\" class=\"wp-image-2404\" srcset=\"https:\/\/orlicemb.cz\/wp-content\/uploads\/2023\/04\/DSC_0871-1024x651.jpg 1024w, https:\/\/orlicemb.cz\/wp-content\/uploads\/2023\/04\/DSC_0871-300x191.jpg 300w, https:\/\/orlicemb.cz\/wp-content\/uploads\/2023\/04\/DSC_0871-768x488.jpg 768w, https:\/\/orlicemb.cz\/wp-content\/uploads\/2023\/04\/DSC_0871-1536x977.jpg 1536w, https:\/\/orlicemb.cz\/wp-content\/uploads\/2023\/04\/DSC_0871-2048x1303.jpg 2048w\" sizes=\"auto, (max-width: 1024px) 100vw, 1024px\" \/><\/a><figcaption class=\"wp-element-caption\">B\u0159eznov\u00e1 v\u00fdprava do N\u00e1m\u011b\u0161t\u011b nad Oslavou<\/figcaption><\/figure>\n","protected":false},"excerpt":{"rendered":"<p>Na za\u010d\u00e1tku b\u0159ezna vyrazili skauti z 5. odd\u00edlu Hv\u011bzda na v\u00fdpravu do N\u00e1m\u011b\u0161t\u011b nad Oslavou. D\u00edky netradi\u010dn\u00edmu ubytov\u00e1n\u00ed si p\u0159i celov\u00edkendov\u00e9 v\u00fdprav\u011b vyzkou\u0161eli, jak\u00e9 to bylo \u017e\u00edt bez elekt\u0159iny a centr\u00e1ln\u00edho vyt\u00e1p\u011bn\u00ed. Na\u0161t\u011bst\u00ed ji\u017e p\u0159i p\u0159\u00edchodu byla vid\u011bt dostate\u010dn\u00e1 z\u00e1soba d\u0159eva, tak\u017ee o palivo na p\u0159ikl\u00e1d\u00e1n\u00ed nebyla nouze, bylo v\u0161ak nutn\u00e9 cel\u00fd ve\u010der kontrolovat, aby &hellip; <a href=\"https:\/\/orlicemb.cz\/?p=2402\" class=\"more-link\">Pokra\u010dov\u00e1n\u00ed textu <span class=\"screen-reader-text\">Skautsk\u00e1 v\u00fdprava bez elekt\u0159iny<\/span> <span class=\"meta-nav\">&rarr;<\/span><\/a><\/p>\n","protected":false},"author":12,"featured_media":0,"comment_status":"closed","ping_status":"closed","sticky":false,"template":"","format":"standard","meta":{"footnotes":""},"categories":[8],"tags":[],"class_list":["post-2402","post","type-post","status-publish","format-standard","hentry","category-akce-2"],"_links":{"self":[{"href":"https:\/\/orlicemb.cz\/index.php?rest_route=\/wp\/v2\/posts\/2402","targetHints":{"allow":["GET"]}}],"collection":[{"href":"https:\/\/orlicemb.cz\/index.php?rest_route=\/wp\/v2\/posts"}],"about":[{"href":"https:\/\/orlicemb.cz\/index.php?rest_route=\/wp\/v2\/types\/post"}],"author":[{"embeddable":true,"href":"https:\/\/orlicemb.cz\/index.php?rest_route=\/wp\/v2\/users\/12"}],"replies":[{"embeddable":true,"href":"https:\/\/orlicemb.cz\/index.php?rest_route=%2Fwp%2Fv2%2Fcomments&post=2402"}],"version-history":[{"count":2,"href":"https:\/\/orlicemb.cz\/index.php?rest_route=\/wp\/v2\/posts\/2402\/revisions"}],"predecessor-version":[{"id":2406,"href":"https:\/\/orlicemb.cz\/index.php?rest_route=\/wp\/v2\/posts\/2402\/revisions\/2406"}],"wp:attachment":[{"href":"https:\/\/orlicemb.cz\/index.php?rest_route=%2Fwp%2Fv2%2Fmedia&parent=2402"}],"wp:term":[{"taxonomy":"category","embeddable":true,"href":"https:\/\/orlicemb.cz\/index.php?rest_route=%2Fwp%2Fv2%2Fcategories&post=2402"},{"taxonomy":"post_tag","embeddable":true,"href":"https:\/\/orlicemb.cz\/index.php?rest_route=%2Fwp%2Fv2%2Ftags&post=2402"}],"curies":[{"name":"wp","href":"https:\/\/api.w.org\/{rel}","templated":true}]}}