{"id":2142,"date":"2021-05-09T22:10:37","date_gmt":"2021-05-09T20:10:37","guid":{"rendered":"http:\/\/orlicemb.cz\/?p=2142"},"modified":"2021-05-09T22:10:37","modified_gmt":"2021-05-09T20:10:37","slug":"pripominka-76-vyroci-osvobozeni-ceskoslovenska","status":"publish","type":"post","link":"https:\/\/orlicemb.cz\/?p=2142","title":{"rendered":"P\u0159ipom\u00ednka 76. v\u00fdro\u010d\u00ed osvobozen\u00ed \u010ceskoslovenska"},"content":{"rendered":"\n<p>I p\u0159es aktu\u00e1ln\u00ed situaci nezapom\u00edn\u00e1me, jak d\u016fle\u017eit\u00e9 je si p\u0159ipom\u00ednat historii na\u0161\u00ed zem\u011b, kter\u00e1 je \u00fazce spjat\u00e1 s histori\u00ed skautskou. Proto jsme se 8. kv\u011btna se\u0161li k uct\u011bn\u00ed pam\u00e1tky v\u0161ech lid\u00ed, kte\u0159\u00ed zaplatili sv\u00fdm \u017eivotem v boji za spravedlnost v obou sv\u011btov\u00fdch v\u00e1lk\u00e1ch. \u010clenskou z\u00e1kladnu skaut\u016f v Moravsk\u00fdch Bud\u011bjovic\u00edch tvo\u0159\u00ed d\u011bti a dosp\u011bl\u00ed nejen z moravskobud\u011bjovick\u00e9ho mikroregionu, ale i ze vzd\u00e1len\u011bj\u0161\u00edch obc\u00ed. Proto se do p\u0159ipom\u00ednky zapojili i skauti v De\u0161ov\u011b a v Jarom\u011b\u0159ic\u00edch nad Rokytnou.<br>Fotografie z akce:<a href=\"https:\/\/www.zonerama.com\/strediskomoravskaorlice\/201105\"> https:\/\/www.zonerama.com\/strediskomoravskaorlice\/Album\/7229085<\/a>.<\/p>\n\n\n\n<figure class=\"wp-block-image size-large\"><a href=\"https:\/\/orlicemb.cz\/wp-content\/uploads\/2021\/05\/DSC_0510-scaled.jpg\"><img loading=\"lazy\" decoding=\"async\" width=\"1024\" height=\"683\" src=\"https:\/\/orlicemb.cz\/wp-content\/uploads\/2021\/05\/DSC_0510-1024x683.jpg\" alt=\"\" class=\"wp-image-2143\" srcset=\"https:\/\/orlicemb.cz\/wp-content\/uploads\/2021\/05\/DSC_0510-1024x683.jpg 1024w, https:\/\/orlicemb.cz\/wp-content\/uploads\/2021\/05\/DSC_0510-300x200.jpg 300w, https:\/\/orlicemb.cz\/wp-content\/uploads\/2021\/05\/DSC_0510-768x512.jpg 768w, https:\/\/orlicemb.cz\/wp-content\/uploads\/2021\/05\/DSC_0510-1536x1024.jpg 1536w, https:\/\/orlicemb.cz\/wp-content\/uploads\/2021\/05\/DSC_0510-2048x1365.jpg 2048w\" sizes=\"auto, (max-width: 1024px) 100vw, 1024px\" \/><\/a><figcaption>P\u0159ipom\u00ednka 76. v\u00fdro\u010d\u00ed osvobozen\u00ed \u010ceskoslovenska<\/figcaption><\/figure>\n","protected":false},"excerpt":{"rendered":"<p>I p\u0159es aktu\u00e1ln\u00ed situaci nezapom\u00edn\u00e1me, jak d\u016fle\u017eit\u00e9 je si p\u0159ipom\u00ednat historii na\u0161\u00ed zem\u011b, kter\u00e1 je \u00fazce spjat\u00e1 s histori\u00ed skautskou. Proto jsme se 8. kv\u011btna se\u0161li k uct\u011bn\u00ed pam\u00e1tky v\u0161ech lid\u00ed, kte\u0159\u00ed zaplatili sv\u00fdm \u017eivotem v boji za spravedlnost v obou sv\u011btov\u00fdch v\u00e1lk\u00e1ch. \u010clenskou z\u00e1kladnu skaut\u016f v Moravsk\u00fdch Bud\u011bjovic\u00edch tvo\u0159\u00ed d\u011bti a dosp\u011bl\u00ed nejen z &hellip; <a href=\"https:\/\/orlicemb.cz\/?p=2142\" class=\"more-link\">Pokra\u010dov\u00e1n\u00ed textu <span class=\"screen-reader-text\">P\u0159ipom\u00ednka 76. v\u00fdro\u010d\u00ed osvobozen\u00ed \u010ceskoslovenska<\/span> <span class=\"meta-nav\">&rarr;<\/span><\/a><\/p>\n","protected":false},"author":12,"featured_media":0,"comment_status":"closed","ping_status":"closed","sticky":false,"template":"","format":"standard","meta":{"footnotes":""},"categories":[8],"tags":[],"class_list":["post-2142","post","type-post","status-publish","format-standard","hentry","category-akce-2"],"_links":{"self":[{"href":"https:\/\/orlicemb.cz\/index.php?rest_route=\/wp\/v2\/posts\/2142","targetHints":{"allow":["GET"]}}],"collection":[{"href":"https:\/\/orlicemb.cz\/index.php?rest_route=\/wp\/v2\/posts"}],"about":[{"href":"https:\/\/orlicemb.cz\/index.php?rest_route=\/wp\/v2\/types\/post"}],"author":[{"embeddable":true,"href":"https:\/\/orlicemb.cz\/index.php?rest_route=\/wp\/v2\/users\/12"}],"replies":[{"embeddable":true,"href":"https:\/\/orlicemb.cz\/index.php?rest_route=%2Fwp%2Fv2%2Fcomments&post=2142"}],"version-history":[{"count":1,"href":"https:\/\/orlicemb.cz\/index.php?rest_route=\/wp\/v2\/posts\/2142\/revisions"}],"predecessor-version":[{"id":2144,"href":"https:\/\/orlicemb.cz\/index.php?rest_route=\/wp\/v2\/posts\/2142\/revisions\/2144"}],"wp:attachment":[{"href":"https:\/\/orlicemb.cz\/index.php?rest_route=%2Fwp%2Fv2%2Fmedia&parent=2142"}],"wp:term":[{"taxonomy":"category","embeddable":true,"href":"https:\/\/orlicemb.cz\/index.php?rest_route=%2Fwp%2Fv2%2Fcategories&post=2142"},{"taxonomy":"post_tag","embeddable":true,"href":"https:\/\/orlicemb.cz\/index.php?rest_route=%2Fwp%2Fv2%2Ftags&post=2142"}],"curies":[{"name":"wp","href":"https:\/\/api.w.org\/{rel}","templated":true}]}}