{"id":214,"date":"2014-10-28T22:15:54","date_gmt":"2014-10-28T21:15:54","guid":{"rendered":"http:\/\/orlicemb.cz\/?p=214"},"modified":"2014-10-28T22:15:54","modified_gmt":"2014-10-28T21:15:54","slug":"vzpominkove-setkani-k-96-vyroci-vzniku-csr","status":"publish","type":"post","link":"https:\/\/orlicemb.cz\/?p=214","title":{"rendered":"Vzpom\u00ednkov\u00e9 setk\u00e1n\u00ed k 96. v\u00fdro\u010d\u00ed vzniku \u010cSR"},"content":{"rendered":"<p>U p\u0159\u00edle\u017eitosti 96. v\u00fdro\u010d\u00ed vzniku samostatn\u00e9 \u010ceskoslovensk\u00e9 republiky se 28. \u0159\u00edjna se\u0161li z\u00e1stupci skaut\u016f, aby vzpomn\u011bli na dobu, kdy na konci 1. sv\u011btov\u00e9 v\u00e1lky do\u0161lo k rozpadu Rakousko-uhersk\u00e9 monarchie. V t\u011bch dnech se n\u00e1\u0161 budouc\u00ed prvn\u00ed prezident Tom\u00e1\u0161 Garrigue Masaryk spolu s dal\u0161\u00edmi z\u00e1stupci politick\u00e9 reprezentace \u010cechoslov\u00e1k\u016f zaslou\u017eil o uzn\u00e1n\u00ed na\u0161eho samostatn\u00e9ho st\u00e1tu na mezin\u00e1rodn\u00ed politick\u00e9 sc\u00e9n\u011b a dos\u00e1hl tak uskute\u010dn\u011bn\u00ed tehdej\u0161\u00edho snu nejen politik\u016f, ale i oby\u010dejn\u00fdch ob\u010dan\u016f.<\/p>\n<div id='gallery-1' class='gallery galleryid-214 gallery-columns-3 gallery-size-thumbnail'><figure class='gallery-item'>\n\t\t\t<div class='gallery-icon portrait'>\n\t\t\t\t<a href='https:\/\/orlicemb.cz\/?attachment_id=215'><img loading=\"lazy\" decoding=\"async\" width=\"150\" height=\"150\" src=\"https:\/\/orlicemb.cz\/wp-content\/uploads\/2014\/10\/635501227086912705-150x150.jpg\" class=\"attachment-thumbnail size-thumbnail\" alt=\"\" \/><\/a>\n\t\t\t<\/div><\/figure><figure class='gallery-item'>\n\t\t\t<div class='gallery-icon portrait'>\n\t\t\t\t<a href='https:\/\/orlicemb.cz\/?attachment_id=216'><img loading=\"lazy\" decoding=\"async\" width=\"150\" height=\"150\" src=\"https:\/\/orlicemb.cz\/wp-content\/uploads\/2014\/10\/635501227872028324-150x150.jpg\" class=\"attachment-thumbnail size-thumbnail\" alt=\"\" \/><\/a>\n\t\t\t<\/div><\/figure><figure class='gallery-item'>\n\t\t\t<div class='gallery-icon landscape'>\n\t\t\t\t<a href='https:\/\/orlicemb.cz\/?attachment_id=217'><img loading=\"lazy\" decoding=\"async\" width=\"150\" height=\"150\" src=\"https:\/\/orlicemb.cz\/wp-content\/uploads\/2014\/10\/635501228374710764-150x150.jpg\" class=\"attachment-thumbnail size-thumbnail\" alt=\"\" \/><\/a>\n\t\t\t<\/div><\/figure><figure class='gallery-item'>\n\t\t\t<div class='gallery-icon landscape'>\n\t\t\t\t<a href='https:\/\/orlicemb.cz\/?attachment_id=218'><img loading=\"lazy\" decoding=\"async\" width=\"150\" height=\"150\" src=\"https:\/\/orlicemb.cz\/wp-content\/uploads\/2014\/10\/635501228598677519-150x150.jpg\" class=\"attachment-thumbnail size-thumbnail\" alt=\"\" \/><\/a>\n\t\t\t<\/div><\/figure>\n\t\t<\/div>\n\n","protected":false},"excerpt":{"rendered":"<p>U p\u0159\u00edle\u017eitosti 96. v\u00fdro\u010d\u00ed vzniku samostatn\u00e9 \u010ceskoslovensk\u00e9 republiky se 28. \u0159\u00edjna se\u0161li z\u00e1stupci skaut\u016f, aby vzpomn\u011bli na dobu, kdy na konci 1. sv\u011btov\u00e9 v\u00e1lky do\u0161lo k rozpadu Rakousko-uhersk\u00e9 monarchie. V t\u011bch dnech se n\u00e1\u0161 budouc\u00ed prvn\u00ed prezident Tom\u00e1\u0161 Garrigue Masaryk spolu s dal\u0161\u00edmi z\u00e1stupci politick\u00e9 reprezentace \u010cechoslov\u00e1k\u016f zaslou\u017eil o uzn\u00e1n\u00ed na\u0161eho samostatn\u00e9ho st\u00e1tu na mezin\u00e1rodn\u00ed &hellip; <a href=\"https:\/\/orlicemb.cz\/?p=214\" class=\"more-link\">Pokra\u010dov\u00e1n\u00ed textu <span class=\"screen-reader-text\">Vzpom\u00ednkov\u00e9 setk\u00e1n\u00ed k 96. v\u00fdro\u010d\u00ed vzniku \u010cSR<\/span> <span class=\"meta-nav\">&rarr;<\/span><\/a><\/p>\n","protected":false},"author":2,"featured_media":0,"comment_status":"closed","ping_status":"closed","sticky":false,"template":"","format":"standard","meta":{"footnotes":""},"categories":[8],"tags":[],"class_list":["post-214","post","type-post","status-publish","format-standard","hentry","category-akce-2"],"_links":{"self":[{"href":"https:\/\/orlicemb.cz\/index.php?rest_route=\/wp\/v2\/posts\/214","targetHints":{"allow":["GET"]}}],"collection":[{"href":"https:\/\/orlicemb.cz\/index.php?rest_route=\/wp\/v2\/posts"}],"about":[{"href":"https:\/\/orlicemb.cz\/index.php?rest_route=\/wp\/v2\/types\/post"}],"author":[{"embeddable":true,"href":"https:\/\/orlicemb.cz\/index.php?rest_route=\/wp\/v2\/users\/2"}],"replies":[{"embeddable":true,"href":"https:\/\/orlicemb.cz\/index.php?rest_route=%2Fwp%2Fv2%2Fcomments&post=214"}],"version-history":[{"count":1,"href":"https:\/\/orlicemb.cz\/index.php?rest_route=\/wp\/v2\/posts\/214\/revisions"}],"predecessor-version":[{"id":219,"href":"https:\/\/orlicemb.cz\/index.php?rest_route=\/wp\/v2\/posts\/214\/revisions\/219"}],"wp:attachment":[{"href":"https:\/\/orlicemb.cz\/index.php?rest_route=%2Fwp%2Fv2%2Fmedia&parent=214"}],"wp:term":[{"taxonomy":"category","embeddable":true,"href":"https:\/\/orlicemb.cz\/index.php?rest_route=%2Fwp%2Fv2%2Fcategories&post=214"},{"taxonomy":"post_tag","embeddable":true,"href":"https:\/\/orlicemb.cz\/index.php?rest_route=%2Fwp%2Fv2%2Ftags&post=214"}],"curies":[{"name":"wp","href":"https:\/\/api.w.org\/{rel}","templated":true}]}}