{"id":197,"date":"2014-10-19T14:29:47","date_gmt":"2014-10-19T12:29:47","guid":{"rendered":"http:\/\/orlicemb.cz\/?p=197"},"modified":"2014-10-21T20:37:16","modified_gmt":"2014-10-21T18:37:16","slug":"skautska-drakiada","status":"publish","type":"post","link":"https:\/\/orlicemb.cz\/?p=197","title":{"rendered":"Skautsk\u00e1 draki\u00e1da"},"content":{"rendered":"<p style=\"text-align: justify;\">Tak jako spousta minul\u00fdch podzim\u016f, ani ten leto\u0161n\u00ed se neobe\u0161el bez skautsk\u00e9 draki\u00e1dy. N\u00e1\u0161 tradi\u010dn\u00ed podnik uspo\u0159\u00e1dalo skautsk\u00e9 st\u0159edisko v Moravsk\u00fdch Bud\u011bjovic\u00edch v prostoru leti\u0161t\u011b v ned\u011bln\u00edm odpoledni 5. \u0159\u00edjna. Mezi z\u00fa\u010dastn\u011bn\u00fdmi p\u0159evl\u00e1dali zejm\u00e9na benjam\u00ednci (4-6 let) a vl\u010data (chlapci 6-12 let), kter\u00fdm p\u0159i\u0161li pomoci nejen rodi\u010de, ale i jejich sourozenci.<\/p>\n<p style=\"text-align: justify;\">V\u00edtr n\u00e1m p\u0159\u00e1l, tak se na nebi rychle objevilo mnoho pestrobarevn\u00fdch drak\u016f. N\u011bkte\u0159\u00ed krou\u017eili na obloze vytrvale a vysoko, jin\u00ed st\u0159\u00eddav\u011b padali a zase vzl\u00e9tali. N\u011bkte\u0159\u00ed pap\u00edrov\u00ed \u201edravci\u201c se dokonce pokou\u0161eli o akrobatick\u00e9 l\u00e9t\u00e1n\u00ed. Porota m\u011bla t\u011b\u017ek\u00e9 rozhodov\u00e1n\u00ed, komu ud\u011blit prvn\u00ed ceny\u00a0 ve \u010dty\u0159ech kategori\u00edch: nejv\u00fd\u0161e let\u00edc\u00ed, nejd\u00e9le let\u00edc\u00ed, nejkr\u00e1sn\u011bj\u0161\u00ed a\u00a0nejorigin\u00e1ln\u011bj\u0161\u00ed drak. Nakonec se ale rozhodla a rozdala origin\u00e1ln\u00ed diplomy. Po t\u00e9m\u011b\u0159 dvou hodin\u00e1ch se i ti nejvytrvalej\u0161\u00ed letci odebrali dom\u016f, aby si zah\u0159\u00e1li v\u011btrem ofoukan\u00e9 ruce a nohy. I p\u0159es m\u00e9n\u011b slune\u010dn\u00e9 po\u010das\u00ed jsme si u\u017eili p\u0159\u00edjemn\u00e9 odpoledne a pokochali se pohledem na spoustu kr\u00e1sn\u00fdch drak\u016f.<\/p>\n<p style=\"text-align: justify;\">napsala: Pavla Ber\u00e1nkov\u00e1<\/p>\n<div id='gallery-1' class='gallery galleryid-197 gallery-columns-3 gallery-size-thumbnail'><figure class='gallery-item'>\n\t\t\t<div class='gallery-icon landscape'>\n\t\t\t\t<a href='https:\/\/orlicemb.cz\/?attachment_id=198'><img loading=\"lazy\" decoding=\"async\" width=\"150\" height=\"150\" src=\"https:\/\/orlicemb.cz\/wp-content\/uploads\/2014\/10\/draki\u00e1da-foto-\u010dl\u00e1nek-150x150.jpg\" class=\"attachment-thumbnail size-thumbnail\" alt=\"\" \/><\/a>\n\t\t\t<\/div><\/figure>\n\t\t<\/div>\n\n","protected":false},"excerpt":{"rendered":"<p>Tak jako spousta minul\u00fdch podzim\u016f, ani ten leto\u0161n\u00ed se neobe\u0161el bez skautsk\u00e9 draki\u00e1dy. N\u00e1\u0161 tradi\u010dn\u00ed podnik uspo\u0159\u00e1dalo skautsk\u00e9 st\u0159edisko v Moravsk\u00fdch Bud\u011bjovic\u00edch v prostoru leti\u0161t\u011b v ned\u011bln\u00edm odpoledni 5. \u0159\u00edjna. Mezi z\u00fa\u010dastn\u011bn\u00fdmi p\u0159evl\u00e1dali zejm\u00e9na benjam\u00ednci (4-6 let) a vl\u010data (chlapci 6-12 let), kter\u00fdm p\u0159i\u0161li pomoci nejen rodi\u010de, ale i jejich sourozenci. V\u00edtr n\u00e1m p\u0159\u00e1l, tak &hellip; <a href=\"https:\/\/orlicemb.cz\/?p=197\" class=\"more-link\">Pokra\u010dov\u00e1n\u00ed textu <span class=\"screen-reader-text\">Skautsk\u00e1 draki\u00e1da<\/span> <span class=\"meta-nav\">&rarr;<\/span><\/a><\/p>\n","protected":false},"author":2,"featured_media":0,"comment_status":"closed","ping_status":"closed","sticky":false,"template":"","format":"standard","meta":{"footnotes":""},"categories":[8],"tags":[],"class_list":["post-197","post","type-post","status-publish","format-standard","hentry","category-akce-2"],"_links":{"self":[{"href":"https:\/\/orlicemb.cz\/index.php?rest_route=\/wp\/v2\/posts\/197","targetHints":{"allow":["GET"]}}],"collection":[{"href":"https:\/\/orlicemb.cz\/index.php?rest_route=\/wp\/v2\/posts"}],"about":[{"href":"https:\/\/orlicemb.cz\/index.php?rest_route=\/wp\/v2\/types\/post"}],"author":[{"embeddable":true,"href":"https:\/\/orlicemb.cz\/index.php?rest_route=\/wp\/v2\/users\/2"}],"replies":[{"embeddable":true,"href":"https:\/\/orlicemb.cz\/index.php?rest_route=%2Fwp%2Fv2%2Fcomments&post=197"}],"version-history":[{"count":4,"href":"https:\/\/orlicemb.cz\/index.php?rest_route=\/wp\/v2\/posts\/197\/revisions"}],"predecessor-version":[{"id":206,"href":"https:\/\/orlicemb.cz\/index.php?rest_route=\/wp\/v2\/posts\/197\/revisions\/206"}],"wp:attachment":[{"href":"https:\/\/orlicemb.cz\/index.php?rest_route=%2Fwp%2Fv2%2Fmedia&parent=197"}],"wp:term":[{"taxonomy":"category","embeddable":true,"href":"https:\/\/orlicemb.cz\/index.php?rest_route=%2Fwp%2Fv2%2Fcategories&post=197"},{"taxonomy":"post_tag","embeddable":true,"href":"https:\/\/orlicemb.cz\/index.php?rest_route=%2Fwp%2Fv2%2Ftags&post=197"}],"curies":[{"name":"wp","href":"https:\/\/api.w.org\/{rel}","templated":true}]}}