{"id":1881,"date":"2020-05-13T19:49:15","date_gmt":"2020-05-13T17:49:15","guid":{"rendered":"http:\/\/orlicemb.cz\/?p=1881"},"modified":"2020-05-24T19:22:43","modified_gmt":"2020-05-24T17:22:43","slug":"pripominka-75-vyroci-osvobozeni-ceskoslovenska","status":"publish","type":"post","link":"https:\/\/orlicemb.cz\/?p=1881","title":{"rendered":"P\u0159ipom\u00ednka 75. v\u00fdro\u010d\u00ed osvobozen\u00ed \u010ceskoslovenska"},"content":{"rendered":"\n<p> Ani za aktu\u00e1ln\u00ed situace nezapom\u00edn\u00e1me, jak d\u016fle\u017eit\u00e9 je si p\u0159ipom\u00ednat historii na\u0161\u00ed zem\u011b, kter\u00e1 je \u00fazce spjat\u00e1 s histori\u00ed skautskou. Proto jsme se 8. kv\u011btna se\u0161li k uct\u011bn\u00ed pam\u00e1tky v\u0161ech lid\u00ed, kte\u0159\u00ed zaplatili sv\u00fdm \u017eivotem v boji za spravedlnost v obou sv\u011btov\u00fdch v\u00e1lk\u00e1ch. \u010clenskou z\u00e1kladnu skaut\u016f v Moravsk\u00fdch Bud\u011bjovic\u00edch tvo\u0159\u00ed d\u011bti a dosp\u011bl\u00ed nejen z moravskobud\u011bjovick\u00e9ho mikroregionu, ale i ze vzd\u00e1len\u011bj\u0161\u00edch obc\u00ed. Proto jsme se setkali a polo\u017eili v\u011bnce hned v n\u011bkolika obc\u00edch \u2013 v Moravsk\u00fdch Bud\u011bjovic\u00edch, De\u0161ov\u011b a v Jarom\u011b\u0159ic\u00edch nad Rokytnou.<br>Fotografie z akce: <a href=\"https:\/\/www.zonerama.com\/strediskomoravskaorlice\/201105\">https:\/\/www.zonerama.com\/strediskomoravskaorlice\/201105<\/a><\/p>\n\n\n\n<figure class=\"wp-block-image size-large\"><img loading=\"lazy\" decoding=\"async\" width=\"1000\" height=\"750\" src=\"https:\/\/orlicemb.cz\/wp-content\/uploads\/2020\/05\/IMG-1021.jpg\" alt=\"\" class=\"wp-image-1883\" srcset=\"https:\/\/orlicemb.cz\/wp-content\/uploads\/2020\/05\/IMG-1021.jpg 1000w, https:\/\/orlicemb.cz\/wp-content\/uploads\/2020\/05\/IMG-1021-300x225.jpg 300w, https:\/\/orlicemb.cz\/wp-content\/uploads\/2020\/05\/IMG-1021-768x576.jpg 768w\" sizes=\"auto, (max-width: 1000px) 100vw, 1000px\" \/><\/figure>\n\n\n\n<figure class=\"wp-block-image size-large\"><img loading=\"lazy\" decoding=\"async\" width=\"1024\" height=\"683\" src=\"https:\/\/orlicemb.cz\/wp-content\/uploads\/2020\/05\/DSC_0678-1024x683.jpg\" alt=\"\" class=\"wp-image-1882\" srcset=\"https:\/\/orlicemb.cz\/wp-content\/uploads\/2020\/05\/DSC_0678-1024x683.jpg 1024w, https:\/\/orlicemb.cz\/wp-content\/uploads\/2020\/05\/DSC_0678-300x200.jpg 300w, https:\/\/orlicemb.cz\/wp-content\/uploads\/2020\/05\/DSC_0678-768x512.jpg 768w, https:\/\/orlicemb.cz\/wp-content\/uploads\/2020\/05\/DSC_0678-1536x1024.jpg 1536w, https:\/\/orlicemb.cz\/wp-content\/uploads\/2020\/05\/DSC_0678-2048x1365.jpg 2048w\" sizes=\"auto, (max-width: 1024px) 100vw, 1024px\" \/><figcaption>Kladen\u00ed v\u011bnc\u016f 2020<\/figcaption><\/figure>\n","protected":false},"excerpt":{"rendered":"<p>Ani za aktu\u00e1ln\u00ed situace nezapom\u00edn\u00e1me, jak d\u016fle\u017eit\u00e9 je si p\u0159ipom\u00ednat historii na\u0161\u00ed zem\u011b, kter\u00e1 je \u00fazce spjat\u00e1 s histori\u00ed skautskou. Proto jsme se 8. kv\u011btna se\u0161li k uct\u011bn\u00ed pam\u00e1tky v\u0161ech lid\u00ed, kte\u0159\u00ed zaplatili sv\u00fdm \u017eivotem v boji za spravedlnost v obou sv\u011btov\u00fdch v\u00e1lk\u00e1ch. \u010clenskou z\u00e1kladnu skaut\u016f v Moravsk\u00fdch Bud\u011bjovic\u00edch tvo\u0159\u00ed d\u011bti a dosp\u011bl\u00ed nejen z &hellip; <a href=\"https:\/\/orlicemb.cz\/?p=1881\" class=\"more-link\">Pokra\u010dov\u00e1n\u00ed textu <span class=\"screen-reader-text\">P\u0159ipom\u00ednka 75. v\u00fdro\u010d\u00ed osvobozen\u00ed \u010ceskoslovenska<\/span> <span class=\"meta-nav\">&rarr;<\/span><\/a><\/p>\n","protected":false},"author":12,"featured_media":0,"comment_status":"closed","ping_status":"closed","sticky":false,"template":"","format":"standard","meta":{"footnotes":""},"categories":[8,19,5],"tags":[],"class_list":["post-1881","post","type-post","status-publish","format-standard","hentry","category-akce-2","category-co-noveho-ve-stredisku","category-nezarazene"],"_links":{"self":[{"href":"https:\/\/orlicemb.cz\/index.php?rest_route=\/wp\/v2\/posts\/1881","targetHints":{"allow":["GET"]}}],"collection":[{"href":"https:\/\/orlicemb.cz\/index.php?rest_route=\/wp\/v2\/posts"}],"about":[{"href":"https:\/\/orlicemb.cz\/index.php?rest_route=\/wp\/v2\/types\/post"}],"author":[{"embeddable":true,"href":"https:\/\/orlicemb.cz\/index.php?rest_route=\/wp\/v2\/users\/12"}],"replies":[{"embeddable":true,"href":"https:\/\/orlicemb.cz\/index.php?rest_route=%2Fwp%2Fv2%2Fcomments&post=1881"}],"version-history":[{"count":2,"href":"https:\/\/orlicemb.cz\/index.php?rest_route=\/wp\/v2\/posts\/1881\/revisions"}],"predecessor-version":[{"id":1885,"href":"https:\/\/orlicemb.cz\/index.php?rest_route=\/wp\/v2\/posts\/1881\/revisions\/1885"}],"wp:attachment":[{"href":"https:\/\/orlicemb.cz\/index.php?rest_route=%2Fwp%2Fv2%2Fmedia&parent=1881"}],"wp:term":[{"taxonomy":"category","embeddable":true,"href":"https:\/\/orlicemb.cz\/index.php?rest_route=%2Fwp%2Fv2%2Fcategories&post=1881"},{"taxonomy":"post_tag","embeddable":true,"href":"https:\/\/orlicemb.cz\/index.php?rest_route=%2Fwp%2Fv2%2Ftags&post=1881"}],"curies":[{"name":"wp","href":"https:\/\/api.w.org\/{rel}","templated":true}]}}