{"id":1753,"date":"2020-02-17T14:42:18","date_gmt":"2020-02-17T13:42:18","guid":{"rendered":"http:\/\/orlicemb.cz\/?p=1753"},"modified":"2020-02-17T14:42:18","modified_gmt":"2020-02-17T13:42:18","slug":"vyprava-6-roje-svetlusek-do-trebice","status":"publish","type":"post","link":"https:\/\/orlicemb.cz\/?p=1753","title":{"rendered":"V\u00fdprava 6. roje sv\u011btlu\u0161ek do T\u0159eb\u00ed\u010de"},"content":{"rendered":"\n<p> O v\u00edkendu 14. &#8211; 16. \u00fanora se vydaly sv\u011btlu\u0161ky na v\u00fdpravu do T\u0159eb\u00ed\u010de. P\u00e1te\u010dn\u00ed ve\u010der str\u00e1vily pozn\u00e1v\u00e1n\u00edm t\u011b\u017ek\u00e9ho \u017eivota v \u017eidovsk\u00e9m m\u011bste\u010dku, ve kter\u00e9m se d\u00edky t\u00e9matick\u00e9 h\u0159e rychle zorientovaly. Sobota pat\u0159ila zejm\u00e9na pomoci zv\u00ed\u0159\u00e1tk\u016fm, kter\u00e1 p\u0159es zimu po\u017e\u00e1dala str\u00e1\u017ece lesa Hergota a medv\u011bda Kukyho o pomoc v r\u016fzn\u00fdch \u010dinnostech, kter\u00e9 samy nezvl\u00e1dnou. D\u00edky pomoci zv\u00ed\u0159\u00e1tk\u016fm v jejich dome\u010dc\u00edch sv\u011btlu\u0161ky obe\u0161ly nejhez\u010d\u00ed zelen\u00e1 m\u00edsta T\u0159eb\u00ed\u010de a v\u0161echna zv\u00ed\u0159ata jim dala drobnost na dal\u0161\u00ed cestu.<\/p>\n\n\n\n<figure class=\"wp-block-image size-large\"><img loading=\"lazy\" decoding=\"async\" width=\"768\" height=\"1024\" src=\"https:\/\/orlicemb.cz\/wp-content\/uploads\/2020\/02\/86733204_179313190149127_6484705321884319744_n-768x1024.jpg\" alt=\"\" class=\"wp-image-1754\" srcset=\"https:\/\/orlicemb.cz\/wp-content\/uploads\/2020\/02\/86733204_179313190149127_6484705321884319744_n-768x1024.jpg 768w, https:\/\/orlicemb.cz\/wp-content\/uploads\/2020\/02\/86733204_179313190149127_6484705321884319744_n-225x300.jpg 225w, https:\/\/orlicemb.cz\/wp-content\/uploads\/2020\/02\/86733204_179313190149127_6484705321884319744_n.jpg 884w\" sizes=\"auto, (max-width: 768px) 100vw, 768px\" \/><\/figure>\n","protected":false},"excerpt":{"rendered":"<p>O v\u00edkendu 14. &#8211; 16. \u00fanora se vydaly sv\u011btlu\u0161ky na v\u00fdpravu do T\u0159eb\u00ed\u010de. P\u00e1te\u010dn\u00ed ve\u010der str\u00e1vily pozn\u00e1v\u00e1n\u00edm t\u011b\u017ek\u00e9ho \u017eivota v \u017eidovsk\u00e9m m\u011bste\u010dku, ve kter\u00e9m se d\u00edky t\u00e9matick\u00e9 h\u0159e rychle zorientovaly. Sobota pat\u0159ila zejm\u00e9na pomoci zv\u00ed\u0159\u00e1tk\u016fm, kter\u00e1 p\u0159es zimu po\u017e\u00e1dala str\u00e1\u017ece lesa Hergota a medv\u011bda Kukyho o pomoc v r\u016fzn\u00fdch \u010dinnostech, kter\u00e9 samy nezvl\u00e1dnou. D\u00edky pomoci &hellip; <a href=\"https:\/\/orlicemb.cz\/?p=1753\" class=\"more-link\">Pokra\u010dov\u00e1n\u00ed textu <span class=\"screen-reader-text\">V\u00fdprava 6. roje sv\u011btlu\u0161ek do T\u0159eb\u00ed\u010de<\/span> <span class=\"meta-nav\">&rarr;<\/span><\/a><\/p>\n","protected":false},"author":12,"featured_media":0,"comment_status":"closed","ping_status":"closed","sticky":false,"template":"","format":"standard","meta":{"footnotes":""},"categories":[8],"tags":[],"class_list":["post-1753","post","type-post","status-publish","format-standard","hentry","category-akce-2"],"_links":{"self":[{"href":"https:\/\/orlicemb.cz\/index.php?rest_route=\/wp\/v2\/posts\/1753","targetHints":{"allow":["GET"]}}],"collection":[{"href":"https:\/\/orlicemb.cz\/index.php?rest_route=\/wp\/v2\/posts"}],"about":[{"href":"https:\/\/orlicemb.cz\/index.php?rest_route=\/wp\/v2\/types\/post"}],"author":[{"embeddable":true,"href":"https:\/\/orlicemb.cz\/index.php?rest_route=\/wp\/v2\/users\/12"}],"replies":[{"embeddable":true,"href":"https:\/\/orlicemb.cz\/index.php?rest_route=%2Fwp%2Fv2%2Fcomments&post=1753"}],"version-history":[{"count":1,"href":"https:\/\/orlicemb.cz\/index.php?rest_route=\/wp\/v2\/posts\/1753\/revisions"}],"predecessor-version":[{"id":1755,"href":"https:\/\/orlicemb.cz\/index.php?rest_route=\/wp\/v2\/posts\/1753\/revisions\/1755"}],"wp:attachment":[{"href":"https:\/\/orlicemb.cz\/index.php?rest_route=%2Fwp%2Fv2%2Fmedia&parent=1753"}],"wp:term":[{"taxonomy":"category","embeddable":true,"href":"https:\/\/orlicemb.cz\/index.php?rest_route=%2Fwp%2Fv2%2Fcategories&post=1753"},{"taxonomy":"post_tag","embeddable":true,"href":"https:\/\/orlicemb.cz\/index.php?rest_route=%2Fwp%2Fv2%2Ftags&post=1753"}],"curies":[{"name":"wp","href":"https:\/\/api.w.org\/{rel}","templated":true}]}}