{"id":1733,"date":"2020-01-01T20:32:11","date_gmt":"2020-01-01T19:32:11","guid":{"rendered":"http:\/\/orlicemb.cz\/?p=1733"},"modified":"2020-01-01T20:32:11","modified_gmt":"2020-01-01T19:32:11","slug":"fotky-z-vanocni-besidky","status":"publish","type":"post","link":"https:\/\/orlicemb.cz\/?p=1733","title":{"rendered":"Fotky z v\u00e1no\u010dn\u00ed bes\u00eddky"},"content":{"rendered":"\n<p>Posledn\u00ed st\u0159ediskovou akc\u00ed roku 2019 byla v\u00e1no\u010dn\u00ed bes\u00eddka, na kter\u00e9 se spole\u010dn\u011b se\u0161ly v\u0161echny na\u0161e odd\u00edly. Cel\u00fdm ve\u010derem n\u00e1s provedla 1. sme\u010dka vl\u010dat Sirius s jejich divadeln\u00edmi sc\u00e9nkami. Ochutnali jsme cukrov\u00ed, tvo\u0159ili ozdoby na strome\u010dek, zahr\u00e1li si koulova\u010dku a na z\u00e1v\u011br cel\u00e9ho ve\u010dera jsme si rozdali d\u00e1rky a pop\u0159\u00e1li hezk\u00e9 v\u00e1no\u010dn\u00ed sv\u00e1tky.<br>Fotografie z akce: <a href=\"https:\/\/www.zonerama.com\/strediskomoravskaorlice\/Album\/5897463\">https:\/\/www.zonerama.com\/strediskomoravskaorlice\/Album\/5897463<\/a><\/p>\n\n\n\n<figure class=\"wp-block-image\"><img loading=\"lazy\" decoding=\"async\" width=\"1024\" height=\"683\" src=\"https:\/\/orlicemb.cz\/wp-content\/uploads\/2020\/01\/DSC_0308-1024x683.jpg\" alt=\"\" class=\"wp-image-1734\" srcset=\"https:\/\/orlicemb.cz\/wp-content\/uploads\/2020\/01\/DSC_0308-1024x683.jpg 1024w, https:\/\/orlicemb.cz\/wp-content\/uploads\/2020\/01\/DSC_0308-300x200.jpg 300w, https:\/\/orlicemb.cz\/wp-content\/uploads\/2020\/01\/DSC_0308-768x512.jpg 768w\" sizes=\"auto, (max-width: 1024px) 100vw, 1024px\" \/><figcaption>V\u00e1no\u010dn\u00ed bes\u00eddka<\/figcaption><\/figure>\n","protected":false},"excerpt":{"rendered":"<p>Posledn\u00ed st\u0159ediskovou akc\u00ed roku 2019 byla v\u00e1no\u010dn\u00ed bes\u00eddka, na kter\u00e9 se spole\u010dn\u011b se\u0161ly v\u0161echny na\u0161e odd\u00edly. Cel\u00fdm ve\u010derem n\u00e1s provedla 1. sme\u010dka vl\u010dat Sirius s jejich divadeln\u00edmi sc\u00e9nkami. Ochutnali jsme cukrov\u00ed, tvo\u0159ili ozdoby na strome\u010dek, zahr\u00e1li si koulova\u010dku a na z\u00e1v\u011br cel\u00e9ho ve\u010dera jsme si rozdali d\u00e1rky a pop\u0159\u00e1li hezk\u00e9 v\u00e1no\u010dn\u00ed sv\u00e1tky.Fotografie z akce: https:\/\/www.zonerama.com\/strediskomoravskaorlice\/Album\/5897463<\/p>\n","protected":false},"author":12,"featured_media":0,"comment_status":"closed","ping_status":"closed","sticky":false,"template":"","format":"standard","meta":{"footnotes":""},"categories":[8],"tags":[],"class_list":["post-1733","post","type-post","status-publish","format-standard","hentry","category-akce-2"],"_links":{"self":[{"href":"https:\/\/orlicemb.cz\/index.php?rest_route=\/wp\/v2\/posts\/1733","targetHints":{"allow":["GET"]}}],"collection":[{"href":"https:\/\/orlicemb.cz\/index.php?rest_route=\/wp\/v2\/posts"}],"about":[{"href":"https:\/\/orlicemb.cz\/index.php?rest_route=\/wp\/v2\/types\/post"}],"author":[{"embeddable":true,"href":"https:\/\/orlicemb.cz\/index.php?rest_route=\/wp\/v2\/users\/12"}],"replies":[{"embeddable":true,"href":"https:\/\/orlicemb.cz\/index.php?rest_route=%2Fwp%2Fv2%2Fcomments&post=1733"}],"version-history":[{"count":1,"href":"https:\/\/orlicemb.cz\/index.php?rest_route=\/wp\/v2\/posts\/1733\/revisions"}],"predecessor-version":[{"id":1735,"href":"https:\/\/orlicemb.cz\/index.php?rest_route=\/wp\/v2\/posts\/1733\/revisions\/1735"}],"wp:attachment":[{"href":"https:\/\/orlicemb.cz\/index.php?rest_route=%2Fwp%2Fv2%2Fmedia&parent=1733"}],"wp:term":[{"taxonomy":"category","embeddable":true,"href":"https:\/\/orlicemb.cz\/index.php?rest_route=%2Fwp%2Fv2%2Fcategories&post=1733"},{"taxonomy":"post_tag","embeddable":true,"href":"https:\/\/orlicemb.cz\/index.php?rest_route=%2Fwp%2Fv2%2Ftags&post=1733"}],"curies":[{"name":"wp","href":"https:\/\/api.w.org\/{rel}","templated":true}]}}