{"id":1723,"date":"2019-12-11T22:22:28","date_gmt":"2019-12-11T21:22:28","guid":{"rendered":"http:\/\/orlicemb.cz\/?p=1723"},"modified":"2019-12-11T22:22:28","modified_gmt":"2019-12-11T21:22:28","slug":"betlemske-svetlo","status":"publish","type":"post","link":"https:\/\/orlicemb.cz\/?p=1723","title":{"rendered":"Betl\u00e9msk\u00e9 sv\u011btlo"},"content":{"rendered":"\n<p>V p\u0159edv\u00e1no\u010dn\u00edm \u010dase budou skauti a skautky z cel\u00e9ho sv\u011bta rozv\u00e1\u017eet Betl\u00e9msk\u00e9 sv\u011btlo jako symbol m\u00edru a porozum\u011bn\u00ed mezi n\u00e1rody. Pravideln\u011b se t\u00e9to ud\u00e1losti \u00fa\u010dastn\u00ed i skauti z na\u0161eho st\u0159ediska, kte\u0159\u00ed plam\u00ednek putuj\u00edc\u00ed a\u017e z betl\u00e9msk\u00e9 jeskyn\u011b, kde se dle pov\u011bsti narodil Je\u017e\u00ed\u0161 Kristus, p\u0159ivezou a budou rozd\u00e1vat i v Moravsk\u00fdch Bud\u011bjovic\u00edch.<br>V sobotu 21. prosince, kdy jej budou skaut\u0161t\u00ed kur\u00fd\u0159i rozv\u00e1\u017eet po republice bude dopoledne k vyzvednut\u00ed na vlakov\u00e9 trase Ok\u0159\u00ed\u0161ky \u2013 Znojmo, po n\u00e1vratu bude k dispozici na moravskobud\u011bjovick\u00e9 fa\u0159e. <br>V ned\u011bli 23. prosince si budete moci sv\u011btlo vyzvednout po skon\u010den\u00ed IV. adventn\u00edho koncertu v MKS Beseda a v pond\u011bl\u00ed 23. prosince bude k dispozici na n\u00e1m\u011bst\u00ed v r\u00e1mci zp\u00edv\u00e1n\u00ed koled od 18:30 do 19:30. Aktu\u00e1ln\u00ed informace m\u016f\u017eete sledovat na: <a href=\"https:\/\/www.facebook.com\/events\/465738627411995\/\">https:\/\/www.facebook.com\/events\/465738627411995\/<\/a><br><a rel=\"noreferrer noopener\" target=\"_blank\" href=\"https:\/\/www.facebook.com\/hashtag\/skaut\">#skaut<\/a><a rel=\"noreferrer noopener\" target=\"_blank\" href=\"https:\/\/www.facebook.com\/hashtag\/bs2018\">#BS2018<\/a><a rel=\"noreferrer noopener\" target=\"_blank\" href=\"https:\/\/www.facebook.com\/hashtag\/betlemskesvetlo\">#betlemskesvetlo<\/a><\/p>\n\n\n\n<figure class=\"wp-block-image\"><img loading=\"lazy\" decoding=\"async\" width=\"1024\" height=\"576\" src=\"https:\/\/orlicemb.cz\/wp-content\/uploads\/2019\/12\/BS2019_cover-1024x576.png\" alt=\"\" class=\"wp-image-1724\" srcset=\"https:\/\/orlicemb.cz\/wp-content\/uploads\/2019\/12\/BS2019_cover-1024x576.png 1024w, https:\/\/orlicemb.cz\/wp-content\/uploads\/2019\/12\/BS2019_cover-300x169.png 300w, https:\/\/orlicemb.cz\/wp-content\/uploads\/2019\/12\/BS2019_cover-768x432.png 768w\" sizes=\"auto, (max-width: 1024px) 100vw, 1024px\" \/><\/figure>\n","protected":false},"excerpt":{"rendered":"<p>V p\u0159edv\u00e1no\u010dn\u00edm \u010dase budou skauti a skautky z cel\u00e9ho sv\u011bta rozv\u00e1\u017eet Betl\u00e9msk\u00e9 sv\u011btlo jako symbol m\u00edru a porozum\u011bn\u00ed mezi n\u00e1rody. Pravideln\u011b se t\u00e9to ud\u00e1losti \u00fa\u010dastn\u00ed i skauti z na\u0161eho st\u0159ediska, kte\u0159\u00ed plam\u00ednek putuj\u00edc\u00ed a\u017e z betl\u00e9msk\u00e9 jeskyn\u011b, kde se dle pov\u011bsti narodil Je\u017e\u00ed\u0161 Kristus, p\u0159ivezou a budou rozd\u00e1vat i v Moravsk\u00fdch Bud\u011bjovic\u00edch.V sobotu 21. prosince, &hellip; <a href=\"https:\/\/orlicemb.cz\/?p=1723\" class=\"more-link\">Pokra\u010dov\u00e1n\u00ed textu <span class=\"screen-reader-text\">Betl\u00e9msk\u00e9 sv\u011btlo<\/span> <span class=\"meta-nav\">&rarr;<\/span><\/a><\/p>\n","protected":false},"author":12,"featured_media":0,"comment_status":"closed","ping_status":"closed","sticky":false,"template":"","format":"standard","meta":{"footnotes":""},"categories":[20,9],"tags":[],"class_list":["post-1723","post","type-post","status-publish","format-standard","hentry","category-pozvanky-na-akce-pro-sirsi-skautskou-zakladnu","category-pozvanky"],"_links":{"self":[{"href":"https:\/\/orlicemb.cz\/index.php?rest_route=\/wp\/v2\/posts\/1723","targetHints":{"allow":["GET"]}}],"collection":[{"href":"https:\/\/orlicemb.cz\/index.php?rest_route=\/wp\/v2\/posts"}],"about":[{"href":"https:\/\/orlicemb.cz\/index.php?rest_route=\/wp\/v2\/types\/post"}],"author":[{"embeddable":true,"href":"https:\/\/orlicemb.cz\/index.php?rest_route=\/wp\/v2\/users\/12"}],"replies":[{"embeddable":true,"href":"https:\/\/orlicemb.cz\/index.php?rest_route=%2Fwp%2Fv2%2Fcomments&post=1723"}],"version-history":[{"count":1,"href":"https:\/\/orlicemb.cz\/index.php?rest_route=\/wp\/v2\/posts\/1723\/revisions"}],"predecessor-version":[{"id":1725,"href":"https:\/\/orlicemb.cz\/index.php?rest_route=\/wp\/v2\/posts\/1723\/revisions\/1725"}],"wp:attachment":[{"href":"https:\/\/orlicemb.cz\/index.php?rest_route=%2Fwp%2Fv2%2Fmedia&parent=1723"}],"wp:term":[{"taxonomy":"category","embeddable":true,"href":"https:\/\/orlicemb.cz\/index.php?rest_route=%2Fwp%2Fv2%2Fcategories&post=1723"},{"taxonomy":"post_tag","embeddable":true,"href":"https:\/\/orlicemb.cz\/index.php?rest_route=%2Fwp%2Fv2%2Ftags&post=1723"}],"curies":[{"name":"wp","href":"https:\/\/api.w.org\/{rel}","templated":true}]}}