{"id":1720,"date":"2019-12-11T22:19:00","date_gmt":"2019-12-11T21:19:00","guid":{"rendered":"http:\/\/orlicemb.cz\/?p=1720"},"modified":"2019-12-11T22:19:00","modified_gmt":"2019-12-11T21:19:00","slug":"coffee-to-help-2019","status":"publish","type":"post","link":"https:\/\/orlicemb.cz\/?p=1720","title":{"rendered":"Coffee to help 2019"},"content":{"rendered":"\n<p>V\u00e1\u017een\u00ed rodi\u010de, p\u0159\u00e1tel\u00e9, kamar\u00e1di, zn\u00e1m\u00ed,\u00a0r\u00e1di bychom V\u00e1s pozvali na 7. ro\u010dn\u00edk akce Coffee to Help, tentokr\u00e1t pro Kamilku Jurkovou z Jarom\u011b\u0159ic nad Rokytnou. Kamilka je hol\u010di\u010dka,\u00a0 kter\u00e1 trp\u00ed vz\u00e1cn\u00fdm onemocn\u011bn\u00edm, kter\u00e9 ji znemo\u017e\u0148uje b\u00fdt &#8222;norm\u00e1ln\u00ed&#8220; jeden\u00e1ctiletou hol\u010di\u010dkou a pro\u017e\u00edvat tak v\u0161e, co jej\u00ed vrstevn\u00edci. Kamilka je t\u011b\u017ece psychicky i fyzicky posti\u017een\u00e1 a jej\u00ed rodina pot\u0159ebuje pen\u00edze na n\u00e1kladn\u00e9 rehabilitace, kter\u00e9 Kamilce pom\u00e1haj\u00ed. Kav\u00e1rna se uskute\u010dn\u00ed od\u00a0<strong>\u010dtvrtka 12.- ned\u011ble 15.12. 2019\u00a0<\/strong>ve skautsk\u00e9 klubovn\u011b v Moravsk\u00fdch Bud\u011bjovic\u00edch (Blahoslavova 1697). Otev\u0159eno m\u00e1me od<strong>\u00a011:00 &#8211; 19:00<\/strong>, v p\u00e1tek nav\u00edc a\u017e do 21:00, kdy prob\u011bhne kav\u00e1rna p\u0159i sv\u00ed\u010dk\u00e1ch. T\u011b\u0161it se m\u016f\u017eete na speciality dne, medovn\u00edk, tiramisu, d\u00fd\u0148ovou pol\u00e9vku, k\u00e1vu, cappuccino, horkou \u010dokol\u00e1du, v\u00e1no\u010dn\u00ed pun\u010d a \u0159adu dal\u0161\u00edch dobrot. Krom\u011b toho v klubovn\u011b prob\u011bhne i ble\u0161\u00ed trh kn\u00ed\u017eek a prodej rukod\u011bln\u00fdch v\u00fdrobk\u016f (ru\u010dn\u011b vyr\u00e1b\u011bn\u00e1 m\u00fddla a kosmetika, \u0161it\u00e9 l\u00e1tkov\u00e9 ta\u0161ky, pleten\u00e9 v\u011bci, n\u00e1ramky, v\u00e1no\u010dn\u00ed sv\u00edcny&#8230;). Ka\u017ed\u00fd den v\u017edy od 18:00 &#8211; 19:00 \u017eiv\u00e1 hudba .U\u017e te\u010f se na V\u00e1s na\u0161e mil\u00e1 a \u0161ikovn\u00e1 obsluha v pod\u00e1n\u00ed na\u0161ich skautek moc t\u011b\u0161\u00ed. Zastavte se na chv\u00edli v p\u0159edv\u00e1no\u010dn\u00edm shonu, p\u0159ij\u010fte se k n\u00e1m v\u00e1no\u010dn\u011b naladit a pomoci. V\u011b\u0159te, \u017ee pro Kamil\u010dinu rodinu a pro Kamilku samotnou to bude pomoc obrovsk\u00e1.V\u00edce o na\u0161em projektu a Kamilce\u00a0 najdete na na\u0161ich webov\u00fdch str\u00e1nk\u00e1ch:<br><a rel=\"noreferrer noopener\" href=\"http:\/\/www.kavarna.orlicemb.cz\/\" target=\"_blank\">http:\/\/www.kavarna.orlicemb.cz\/<\/a><br>Sledovat n\u00e1s m\u016f\u017eete i na FB, kde si m\u016f\u017eete zarezervovat i stoly na ur\u010dit\u00fd \u010das a den.\u00a0<a rel=\"noreferrer noopener\" href=\"https:\/\/www.facebook.com\/events\/1905332852946494\/\" target=\"_blank\">https:\/\/www.facebook.com\/events\/1905332852946494\/<\/a><br>Chcete-li pomoci, ale nem\u016f\u017eete do kav\u00e1rny p\u0159ij\u00edt, pro Kamilku byl z\u0159\u00edzen speci\u00e1ln\u00ed \u00fa\u010det, na kter\u00fd m\u016f\u017eete zas\u00edlat jakoukoli finan\u010dn\u00ed \u010d\u00e1stku a\u017e do\u00a0<strong>2.1.2020<\/strong>. V\u0161echno p\u016fjde Kamilce. <br>\u010c\u00edslo \u00fa\u010dtu je:<strong> 115-9589490217\/0100<\/strong><br>Budeme r\u00e1di za p\u0159eposl\u00e1n\u00ed v\u0161em, kte\u0159\u00ed by o akci mohli m\u00edt z\u00e1jem a budeme se na Va\u0161i n\u00e1v\u0161t\u011bvu moc t\u011b\u0161it.<\/p>\n\n\n\n<p style=\"text-align:right\">4. odd\u00edl Slune\u010dnice  <\/p>\n\n\n\n<figure class=\"wp-block-image\"><img loading=\"lazy\" decoding=\"async\" width=\"724\" height=\"1024\" src=\"https:\/\/orlicemb.cz\/wp-content\/uploads\/2019\/12\/Kavarna2019-1-724x1024.png\" alt=\"\" class=\"wp-image-1721\" srcset=\"https:\/\/orlicemb.cz\/wp-content\/uploads\/2019\/12\/Kavarna2019-1-724x1024.png 724w, https:\/\/orlicemb.cz\/wp-content\/uploads\/2019\/12\/Kavarna2019-1-212x300.png 212w, https:\/\/orlicemb.cz\/wp-content\/uploads\/2019\/12\/Kavarna2019-1-768x1086.png 768w\" sizes=\"auto, (max-width: 724px) 100vw, 724px\" \/><\/figure>\n","protected":false},"excerpt":{"rendered":"<p>V\u00e1\u017een\u00ed rodi\u010de, p\u0159\u00e1tel\u00e9, kamar\u00e1di, zn\u00e1m\u00ed,\u00a0r\u00e1di bychom V\u00e1s pozvali na 7. ro\u010dn\u00edk akce Coffee to Help, tentokr\u00e1t pro Kamilku Jurkovou z Jarom\u011b\u0159ic nad Rokytnou. Kamilka je hol\u010di\u010dka,\u00a0 kter\u00e1 trp\u00ed vz\u00e1cn\u00fdm onemocn\u011bn\u00edm, kter\u00e9 ji znemo\u017e\u0148uje b\u00fdt &#8222;norm\u00e1ln\u00ed&#8220; jeden\u00e1ctiletou hol\u010di\u010dkou a pro\u017e\u00edvat tak v\u0161e, co jej\u00ed vrstevn\u00edci. Kamilka je t\u011b\u017ece psychicky i fyzicky posti\u017een\u00e1 a jej\u00ed rodina pot\u0159ebuje &hellip; <a href=\"https:\/\/orlicemb.cz\/?p=1720\" class=\"more-link\">Pokra\u010dov\u00e1n\u00ed textu <span class=\"screen-reader-text\">Coffee to help 2019<\/span> <span class=\"meta-nav\">&rarr;<\/span><\/a><\/p>\n","protected":false},"author":12,"featured_media":0,"comment_status":"closed","ping_status":"closed","sticky":false,"template":"","format":"standard","meta":{"footnotes":""},"categories":[5],"tags":[],"class_list":["post-1720","post","type-post","status-publish","format-standard","hentry","category-nezarazene"],"_links":{"self":[{"href":"https:\/\/orlicemb.cz\/index.php?rest_route=\/wp\/v2\/posts\/1720","targetHints":{"allow":["GET"]}}],"collection":[{"href":"https:\/\/orlicemb.cz\/index.php?rest_route=\/wp\/v2\/posts"}],"about":[{"href":"https:\/\/orlicemb.cz\/index.php?rest_route=\/wp\/v2\/types\/post"}],"author":[{"embeddable":true,"href":"https:\/\/orlicemb.cz\/index.php?rest_route=\/wp\/v2\/users\/12"}],"replies":[{"embeddable":true,"href":"https:\/\/orlicemb.cz\/index.php?rest_route=%2Fwp%2Fv2%2Fcomments&post=1720"}],"version-history":[{"count":1,"href":"https:\/\/orlicemb.cz\/index.php?rest_route=\/wp\/v2\/posts\/1720\/revisions"}],"predecessor-version":[{"id":1722,"href":"https:\/\/orlicemb.cz\/index.php?rest_route=\/wp\/v2\/posts\/1720\/revisions\/1722"}],"wp:attachment":[{"href":"https:\/\/orlicemb.cz\/index.php?rest_route=%2Fwp%2Fv2%2Fmedia&parent=1720"}],"wp:term":[{"taxonomy":"category","embeddable":true,"href":"https:\/\/orlicemb.cz\/index.php?rest_route=%2Fwp%2Fv2%2Fcategories&post=1720"},{"taxonomy":"post_tag","embeddable":true,"href":"https:\/\/orlicemb.cz\/index.php?rest_route=%2Fwp%2Fv2%2Ftags&post=1720"}],"curies":[{"name":"wp","href":"https:\/\/api.w.org\/{rel}","templated":true}]}}