{"id":1713,"date":"2019-11-16T14:58:53","date_gmt":"2019-11-16T13:58:53","guid":{"rendered":"http:\/\/orlicemb.cz\/?p=1713"},"modified":"2019-11-13T15:08:55","modified_gmt":"2019-11-13T14:08:55","slug":"prochazka-1918-netradicni-pripominka-padlych-a-legionaru-v-desove","status":"publish","type":"post","link":"https:\/\/orlicemb.cz\/?p=1713","title":{"rendered":"Proch\u00e1zka 1918 &#8211; Netradi\u010dn\u00ed p\u0159ipom\u00ednka padl\u00fdch a legion\u00e1\u0159\u016f v De\u0161ov\u011b"},"content":{"rendered":"\n<p>De\u0161ov\u0161t\u00ed skauti z\u00a0moravskobud\u011bjovick\u00e9ho st\u0159ediska spole\u010dn\u011b s\u00a0obecn\u00edm \u00fa\u0159adem p\u0159ipravili pro m\u00edstn\u00ed jedine\u010dnou mo\u017enost, p\u0159i n\u00ed\u017e se mohli sezn\u00e1mit s\u00a0osudy padl\u00fdch De\u0161ov\u00e1k\u016f z\u00a0prvn\u00ed sv\u011btov\u00e9 v\u00e1lky a s\u00a0t\u011bmi, co se p\u0159idali k\u00a0\u010deskoslovensk\u00fdm legi\u00edm. Od 27. do 28. \u0159\u00edjna m\u011bli m\u00edstn\u00ed ob\u010dan\u00e9 mo\u017enost obej\u00edt konkr\u00e9tn\u00ed domy spojen\u00e9 s\u00a0\u017eivotem t\u011bchto mu\u017e\u016f a na cedulk\u00e1ch si p\u0159e\u010d\u00edst, z\u00a0jak\u00fdch pom\u011br\u016f poch\u00e1zeli, \u010d\u00edm se \u017eivili, kam narukovali nebo kde se p\u0159ihl\u00e1sili k\u00a0legi\u00edm. Celkem se jednalo o 39 stanovi\u0161\u0165. Je\u0161t\u011b p\u0159ed akc\u00ed si z\u00e1jemci mohli vyzvednout mapu s\u00a0\u010d\u00edsly popisn\u00fdmi bu\u010f v\u00a0m\u00edstn\u00edm obchod\u011b, nebo si ji st\u00e1hnout na obecn\u00edch str\u00e1nk\u00e1ch.<br> Cel\u00e1 akce z\u00edskala u ve\u0159ejnosti velk\u00fd ohlas. I p\u0159es nevl\u00eddn\u00e9 po\u010das\u00ed bylo mo\u017eno potkat \u0159adu m\u00edstn\u00edch i p\u0159espoln\u00edch obyvatel, jak se zaujet\u00edm pro\u010d\u00edtaj\u00ed sto let star\u00e9 osudy.<\/p>\n\n\n\n<p style=\"text-align:right\">Petr Ber\u00e1nek<\/p>\n\n\n\n<figure class=\"wp-block-image\"><img loading=\"lazy\" decoding=\"async\" width=\"1024\" height=\"768\" src=\"https:\/\/orlicemb.cz\/wp-content\/uploads\/2019\/11\/Proch\u00e1zka-1918-1024x768.jpg\" alt=\"\" class=\"wp-image-1714\" srcset=\"https:\/\/orlicemb.cz\/wp-content\/uploads\/2019\/11\/Proch\u00e1zka-1918-1024x768.jpg 1024w, https:\/\/orlicemb.cz\/wp-content\/uploads\/2019\/11\/Proch\u00e1zka-1918-300x225.jpg 300w, https:\/\/orlicemb.cz\/wp-content\/uploads\/2019\/11\/Proch\u00e1zka-1918-768x576.jpg 768w, https:\/\/orlicemb.cz\/wp-content\/uploads\/2019\/11\/Proch\u00e1zka-1918.jpg 1257w\" sizes=\"auto, (max-width: 1024px) 100vw, 1024px\" \/><\/figure>\n","protected":false},"excerpt":{"rendered":"<p>De\u0161ov\u0161t\u00ed skauti z\u00a0moravskobud\u011bjovick\u00e9ho st\u0159ediska spole\u010dn\u011b s\u00a0obecn\u00edm \u00fa\u0159adem p\u0159ipravili pro m\u00edstn\u00ed jedine\u010dnou mo\u017enost, p\u0159i n\u00ed\u017e se mohli sezn\u00e1mit s\u00a0osudy padl\u00fdch De\u0161ov\u00e1k\u016f z\u00a0prvn\u00ed sv\u011btov\u00e9 v\u00e1lky a s\u00a0t\u011bmi, co se p\u0159idali k\u00a0\u010deskoslovensk\u00fdm legi\u00edm. Od 27. do 28. \u0159\u00edjna m\u011bli m\u00edstn\u00ed ob\u010dan\u00e9 mo\u017enost obej\u00edt konkr\u00e9tn\u00ed domy spojen\u00e9 s\u00a0\u017eivotem t\u011bchto mu\u017e\u016f a na cedulk\u00e1ch si p\u0159e\u010d\u00edst, z\u00a0jak\u00fdch pom\u011br\u016f poch\u00e1zeli, \u010d\u00edm &hellip; <a href=\"https:\/\/orlicemb.cz\/?p=1713\" class=\"more-link\">Pokra\u010dov\u00e1n\u00ed textu <span class=\"screen-reader-text\">Proch\u00e1zka 1918 &#8211; Netradi\u010dn\u00ed p\u0159ipom\u00ednka padl\u00fdch a legion\u00e1\u0159\u016f v De\u0161ov\u011b<\/span> <span class=\"meta-nav\">&rarr;<\/span><\/a><\/p>\n","protected":false},"author":12,"featured_media":0,"comment_status":"closed","ping_status":"closed","sticky":false,"template":"","format":"standard","meta":{"footnotes":""},"categories":[8,19],"tags":[],"class_list":["post-1713","post","type-post","status-publish","format-standard","hentry","category-akce-2","category-co-noveho-ve-stredisku"],"_links":{"self":[{"href":"https:\/\/orlicemb.cz\/index.php?rest_route=\/wp\/v2\/posts\/1713","targetHints":{"allow":["GET"]}}],"collection":[{"href":"https:\/\/orlicemb.cz\/index.php?rest_route=\/wp\/v2\/posts"}],"about":[{"href":"https:\/\/orlicemb.cz\/index.php?rest_route=\/wp\/v2\/types\/post"}],"author":[{"embeddable":true,"href":"https:\/\/orlicemb.cz\/index.php?rest_route=\/wp\/v2\/users\/12"}],"replies":[{"embeddable":true,"href":"https:\/\/orlicemb.cz\/index.php?rest_route=%2Fwp%2Fv2%2Fcomments&post=1713"}],"version-history":[{"count":1,"href":"https:\/\/orlicemb.cz\/index.php?rest_route=\/wp\/v2\/posts\/1713\/revisions"}],"predecessor-version":[{"id":1715,"href":"https:\/\/orlicemb.cz\/index.php?rest_route=\/wp\/v2\/posts\/1713\/revisions\/1715"}],"wp:attachment":[{"href":"https:\/\/orlicemb.cz\/index.php?rest_route=%2Fwp%2Fv2%2Fmedia&parent=1713"}],"wp:term":[{"taxonomy":"category","embeddable":true,"href":"https:\/\/orlicemb.cz\/index.php?rest_route=%2Fwp%2Fv2%2Fcategories&post=1713"},{"taxonomy":"post_tag","embeddable":true,"href":"https:\/\/orlicemb.cz\/index.php?rest_route=%2Fwp%2Fv2%2Ftags&post=1713"}],"curies":[{"name":"wp","href":"https:\/\/api.w.org\/{rel}","templated":true}]}}