{"id":1710,"date":"2019-11-13T14:57:51","date_gmt":"2019-11-13T13:57:51","guid":{"rendered":"http:\/\/orlicemb.cz\/?p=1710"},"modified":"2019-11-13T14:57:51","modified_gmt":"2019-11-13T13:57:51","slug":"brigada-na-taboristi-4","status":"publish","type":"post","link":"https:\/\/orlicemb.cz\/?p=1710","title":{"rendered":"Brig\u00e1da na t\u00e1bo\u0159i\u0161ti"},"content":{"rendered":"\n<p> V sobotu jsme byli na Had\u00edm vrchu u na\u0161eho t\u00e1bo\u0159i\u0161t\u011b vys\u00edkat n\u00e1letov\u00e9 d\u0159eviny a ke\u0159e, aby tam v budoucnu mohla b\u00fdt ohrada pro ovce. Po t\u00e9to, a dal\u0161\u00edch brig\u00e1d\u00e1ch v minul\u00fdch letech, u\u017e jsou vid\u011bt v\u00fdsledky na\u0161\u00ed pr\u00e1ce a les je kr\u00e1sn\u011b vy\u010di\u0161t\u011bn. D\u011bkujeme v\u0161em brig\u00e1dn\u00edk\u016fm, kte\u0159\u00ed v sobotu byli pom\u00e1hat!<\/p>\n\n\n\n<figure class=\"wp-block-image\"><img loading=\"lazy\" decoding=\"async\" width=\"960\" height=\"540\" src=\"https:\/\/orlicemb.cz\/wp-content\/uploads\/2019\/11\/76695070_3185184234856017_6235510481851777024_o.jpg\" alt=\"\" class=\"wp-image-1711\" srcset=\"https:\/\/orlicemb.cz\/wp-content\/uploads\/2019\/11\/76695070_3185184234856017_6235510481851777024_o.jpg 960w, https:\/\/orlicemb.cz\/wp-content\/uploads\/2019\/11\/76695070_3185184234856017_6235510481851777024_o-300x169.jpg 300w, https:\/\/orlicemb.cz\/wp-content\/uploads\/2019\/11\/76695070_3185184234856017_6235510481851777024_o-768x432.jpg 768w\" sizes=\"auto, (max-width: 960px) 100vw, 960px\" \/><\/figure>\n","protected":false},"excerpt":{"rendered":"<p>V sobotu jsme byli na Had\u00edm vrchu u na\u0161eho t\u00e1bo\u0159i\u0161t\u011b vys\u00edkat n\u00e1letov\u00e9 d\u0159eviny a ke\u0159e, aby tam v budoucnu mohla b\u00fdt ohrada pro ovce. Po t\u00e9to, a dal\u0161\u00edch brig\u00e1d\u00e1ch v minul\u00fdch letech, u\u017e jsou vid\u011bt v\u00fdsledky na\u0161\u00ed pr\u00e1ce a les je kr\u00e1sn\u011b vy\u010di\u0161t\u011bn. D\u011bkujeme v\u0161em brig\u00e1dn\u00edk\u016fm, kte\u0159\u00ed v sobotu byli pom\u00e1hat!<\/p>\n","protected":false},"author":12,"featured_media":0,"comment_status":"closed","ping_status":"closed","sticky":false,"template":"","format":"standard","meta":{"footnotes":""},"categories":[8,19],"tags":[],"class_list":["post-1710","post","type-post","status-publish","format-standard","hentry","category-akce-2","category-co-noveho-ve-stredisku"],"_links":{"self":[{"href":"https:\/\/orlicemb.cz\/index.php?rest_route=\/wp\/v2\/posts\/1710","targetHints":{"allow":["GET"]}}],"collection":[{"href":"https:\/\/orlicemb.cz\/index.php?rest_route=\/wp\/v2\/posts"}],"about":[{"href":"https:\/\/orlicemb.cz\/index.php?rest_route=\/wp\/v2\/types\/post"}],"author":[{"embeddable":true,"href":"https:\/\/orlicemb.cz\/index.php?rest_route=\/wp\/v2\/users\/12"}],"replies":[{"embeddable":true,"href":"https:\/\/orlicemb.cz\/index.php?rest_route=%2Fwp%2Fv2%2Fcomments&post=1710"}],"version-history":[{"count":1,"href":"https:\/\/orlicemb.cz\/index.php?rest_route=\/wp\/v2\/posts\/1710\/revisions"}],"predecessor-version":[{"id":1712,"href":"https:\/\/orlicemb.cz\/index.php?rest_route=\/wp\/v2\/posts\/1710\/revisions\/1712"}],"wp:attachment":[{"href":"https:\/\/orlicemb.cz\/index.php?rest_route=%2Fwp%2Fv2%2Fmedia&parent=1710"}],"wp:term":[{"taxonomy":"category","embeddable":true,"href":"https:\/\/orlicemb.cz\/index.php?rest_route=%2Fwp%2Fv2%2Fcategories&post=1710"},{"taxonomy":"post_tag","embeddable":true,"href":"https:\/\/orlicemb.cz\/index.php?rest_route=%2Fwp%2Fv2%2Ftags&post=1710"}],"curies":[{"name":"wp","href":"https:\/\/api.w.org\/{rel}","templated":true}]}}