{"id":1696,"date":"2019-11-05T21:41:53","date_gmt":"2019-11-05T20:41:53","guid":{"rendered":"http:\/\/orlicemb.cz\/?p=1696"},"modified":"2019-11-05T21:41:53","modified_gmt":"2019-11-05T20:41:53","slug":"101-vyroci-zalozeni-samostatneho-ceskoslovenskeho-statu","status":"publish","type":"post","link":"https:\/\/orlicemb.cz\/?p=1696","title":{"rendered":"101. v\u00fdro\u010d\u00ed zalo\u017een\u00ed samostatn\u00e9ho \u010ceskoslovensk\u00e9ho st\u00e1tu"},"content":{"rendered":"\n<p> V pond\u011bl\u00ed 28. \u0159\u00edjna jsme se z\u00fa\u010dastnili pietn\u00edho setk\u00e1n\u00ed u p\u0159\u00edle\u017eitosti 101. v\u00fdro\u010d\u00ed zalo\u017een\u00ed samostatn\u00e9ho \u010ceskoslovensk\u00e9ho st\u00e1tu. Krom\u011b akce po\u0159\u00e1dan\u00e9 m\u011bstem, jsme uctili pam\u00e1tku polo\u017een\u00edm kytice i na h\u0159bitov\u011b v MB, v Jarom\u011b\u0159ic\u00edch nad Rokytnou, Jakubov\u011b a v De\u0161ov\u011b.<br>V De\u0161ov\u011b jsme nav\u00edc u 39 dom\u016f um\u00edstili cedulky p\u0159ipom\u00ednaj\u00edc\u00ed m\u00edstn\u00ed mu\u017ee, kte\u0159\u00ed padli v prvn\u00ed sv\u011btov\u00e9 v\u00e1lce, p\u0159\u00edpadn\u011b legion\u00e1\u0159e.<\/p>\n\n\n\n<figure class=\"wp-block-image\"><img loading=\"lazy\" decoding=\"async\" width=\"720\" height=\"960\" src=\"https:\/\/orlicemb.cz\/wp-content\/uploads\/2019\/11\/74607762_2641734809221054_1905340293863964672_n.jpg\" alt=\"\" class=\"wp-image-1697\" srcset=\"https:\/\/orlicemb.cz\/wp-content\/uploads\/2019\/11\/74607762_2641734809221054_1905340293863964672_n.jpg 720w, https:\/\/orlicemb.cz\/wp-content\/uploads\/2019\/11\/74607762_2641734809221054_1905340293863964672_n-225x300.jpg 225w\" sizes=\"auto, (max-width: 720px) 100vw, 720px\" \/><\/figure>\n","protected":false},"excerpt":{"rendered":"<p>V pond\u011bl\u00ed 28. \u0159\u00edjna jsme se z\u00fa\u010dastnili pietn\u00edho setk\u00e1n\u00ed u p\u0159\u00edle\u017eitosti 101. v\u00fdro\u010d\u00ed zalo\u017een\u00ed samostatn\u00e9ho \u010ceskoslovensk\u00e9ho st\u00e1tu. Krom\u011b akce po\u0159\u00e1dan\u00e9 m\u011bstem, jsme uctili pam\u00e1tku polo\u017een\u00edm kytice i na h\u0159bitov\u011b v MB, v Jarom\u011b\u0159ic\u00edch nad Rokytnou, Jakubov\u011b a v De\u0161ov\u011b.V De\u0161ov\u011b jsme nav\u00edc u 39 dom\u016f um\u00edstili cedulky p\u0159ipom\u00ednaj\u00edc\u00ed m\u00edstn\u00ed mu\u017ee, kte\u0159\u00ed padli v prvn\u00ed sv\u011btov\u00e9 &hellip; <a href=\"https:\/\/orlicemb.cz\/?p=1696\" class=\"more-link\">Pokra\u010dov\u00e1n\u00ed textu <span class=\"screen-reader-text\">101. v\u00fdro\u010d\u00ed zalo\u017een\u00ed samostatn\u00e9ho \u010ceskoslovensk\u00e9ho st\u00e1tu<\/span> <span class=\"meta-nav\">&rarr;<\/span><\/a><\/p>\n","protected":false},"author":12,"featured_media":0,"comment_status":"closed","ping_status":"closed","sticky":false,"template":"","format":"standard","meta":{"footnotes":""},"categories":[8],"tags":[],"class_list":["post-1696","post","type-post","status-publish","format-standard","hentry","category-akce-2"],"_links":{"self":[{"href":"https:\/\/orlicemb.cz\/index.php?rest_route=\/wp\/v2\/posts\/1696","targetHints":{"allow":["GET"]}}],"collection":[{"href":"https:\/\/orlicemb.cz\/index.php?rest_route=\/wp\/v2\/posts"}],"about":[{"href":"https:\/\/orlicemb.cz\/index.php?rest_route=\/wp\/v2\/types\/post"}],"author":[{"embeddable":true,"href":"https:\/\/orlicemb.cz\/index.php?rest_route=\/wp\/v2\/users\/12"}],"replies":[{"embeddable":true,"href":"https:\/\/orlicemb.cz\/index.php?rest_route=%2Fwp%2Fv2%2Fcomments&post=1696"}],"version-history":[{"count":1,"href":"https:\/\/orlicemb.cz\/index.php?rest_route=\/wp\/v2\/posts\/1696\/revisions"}],"predecessor-version":[{"id":1700,"href":"https:\/\/orlicemb.cz\/index.php?rest_route=\/wp\/v2\/posts\/1696\/revisions\/1700"}],"wp:attachment":[{"href":"https:\/\/orlicemb.cz\/index.php?rest_route=%2Fwp%2Fv2%2Fmedia&parent=1696"}],"wp:term":[{"taxonomy":"category","embeddable":true,"href":"https:\/\/orlicemb.cz\/index.php?rest_route=%2Fwp%2Fv2%2Fcategories&post=1696"},{"taxonomy":"post_tag","embeddable":true,"href":"https:\/\/orlicemb.cz\/index.php?rest_route=%2Fwp%2Fv2%2Ftags&post=1696"}],"curies":[{"name":"wp","href":"https:\/\/api.w.org\/{rel}","templated":true}]}}