{"id":1692,"date":"2019-10-10T20:00:18","date_gmt":"2019-10-10T18:00:18","guid":{"rendered":"http:\/\/orlicemb.cz\/?p=1692"},"modified":"2019-10-08T23:27:35","modified_gmt":"2019-10-08T21:27:35","slug":"vlcata-a-benjaminci-na-indianskem-lete-2019","status":"publish","type":"post","link":"https:\/\/orlicemb.cz\/?p=1692","title":{"rendered":"Vl\u010data a benjam\u00ednci na indi\u00e1nsk\u00e9m l\u00e9t\u011b 2019"},"content":{"rendered":"\n<p> V r\u00e1mci zahajovac\u00ed v\u00fdpravy se odd\u00edl vl\u010dat spole\u010dn\u011b s benjam\u00ednky vydal na Indi\u00e1nsk\u00e9 l\u00e9to do Jemnice. I p\u0159es nep\u0159\u00edzniv\u00e9 po\u010das\u00ed jsme poznali ty nejhez\u010d\u00ed z\u00e1kout\u00ed Jemnice, potkali skauty z jin\u00fdch st\u0159edisek z okresu a splnili t\u00e9m\u011b\u0159 v\u0161echny discipl\u00edny. D\u011bkujeme st\u0159edisku v Jemnici za organizaci z\u00e1vodu a snad se brzy op\u011bt v\u0161ichni spole\u010dn\u011b setk\u00e1me. <\/p>\n\n\n\n<figure class=\"wp-block-image\"><img loading=\"lazy\" decoding=\"async\" width=\"1024\" height=\"768\" src=\"https:\/\/orlicemb.cz\/wp-content\/uploads\/2019\/10\/IMG_5848-1024x768.jpg\" alt=\"\" class=\"wp-image-1693\" srcset=\"https:\/\/orlicemb.cz\/wp-content\/uploads\/2019\/10\/IMG_5848-1024x768.jpg 1024w, https:\/\/orlicemb.cz\/wp-content\/uploads\/2019\/10\/IMG_5848-300x225.jpg 300w, https:\/\/orlicemb.cz\/wp-content\/uploads\/2019\/10\/IMG_5848-768x576.jpg 768w\" sizes=\"auto, (max-width: 1024px) 100vw, 1024px\" \/><\/figure>\n","protected":false},"excerpt":{"rendered":"<p>V r\u00e1mci zahajovac\u00ed v\u00fdpravy se odd\u00edl vl\u010dat spole\u010dn\u011b s benjam\u00ednky vydal na Indi\u00e1nsk\u00e9 l\u00e9to do Jemnice. I p\u0159es nep\u0159\u00edzniv\u00e9 po\u010das\u00ed jsme poznali ty nejhez\u010d\u00ed z\u00e1kout\u00ed Jemnice, potkali skauty z jin\u00fdch st\u0159edisek z okresu a splnili t\u00e9m\u011b\u0159 v\u0161echny discipl\u00edny. D\u011bkujeme st\u0159edisku v Jemnici za organizaci z\u00e1vodu a snad se brzy op\u011bt v\u0161ichni spole\u010dn\u011b setk\u00e1me.<\/p>\n","protected":false},"author":12,"featured_media":0,"comment_status":"closed","ping_status":"closed","sticky":false,"template":"","format":"standard","meta":{"footnotes":""},"categories":[5],"tags":[],"class_list":["post-1692","post","type-post","status-publish","format-standard","hentry","category-nezarazene"],"_links":{"self":[{"href":"https:\/\/orlicemb.cz\/index.php?rest_route=\/wp\/v2\/posts\/1692","targetHints":{"allow":["GET"]}}],"collection":[{"href":"https:\/\/orlicemb.cz\/index.php?rest_route=\/wp\/v2\/posts"}],"about":[{"href":"https:\/\/orlicemb.cz\/index.php?rest_route=\/wp\/v2\/types\/post"}],"author":[{"embeddable":true,"href":"https:\/\/orlicemb.cz\/index.php?rest_route=\/wp\/v2\/users\/12"}],"replies":[{"embeddable":true,"href":"https:\/\/orlicemb.cz\/index.php?rest_route=%2Fwp%2Fv2%2Fcomments&post=1692"}],"version-history":[{"count":1,"href":"https:\/\/orlicemb.cz\/index.php?rest_route=\/wp\/v2\/posts\/1692\/revisions"}],"predecessor-version":[{"id":1694,"href":"https:\/\/orlicemb.cz\/index.php?rest_route=\/wp\/v2\/posts\/1692\/revisions\/1694"}],"wp:attachment":[{"href":"https:\/\/orlicemb.cz\/index.php?rest_route=%2Fwp%2Fv2%2Fmedia&parent=1692"}],"wp:term":[{"taxonomy":"category","embeddable":true,"href":"https:\/\/orlicemb.cz\/index.php?rest_route=%2Fwp%2Fv2%2Fcategories&post=1692"},{"taxonomy":"post_tag","embeddable":true,"href":"https:\/\/orlicemb.cz\/index.php?rest_route=%2Fwp%2Fv2%2Ftags&post=1692"}],"curies":[{"name":"wp","href":"https:\/\/api.w.org\/{rel}","templated":true}]}}