{"id":1683,"date":"2019-09-23T09:46:12","date_gmt":"2019-09-23T07:46:12","guid":{"rendered":"http:\/\/orlicemb.cz\/?p=1683"},"modified":"2019-09-23T09:46:12","modified_gmt":"2019-09-23T07:46:12","slug":"pozvanka-na-indianske-leto-2019","status":"publish","type":"post","link":"https:\/\/orlicemb.cz\/?p=1683","title":{"rendered":"Pozv\u00e1nka na Indi\u00e1nsk\u00e9 l\u00e9to 2019"},"content":{"rendered":"\n<p> Skautsk\u00e9 st\u0159edisko Jemnice zve v\u0161echny skauty z na\u0161eho okresu na dal\u0161\u00ed ro\u010dn\u00edk Indi\u00e1nsk\u00e9ho l\u00e9ta,\u00a0kter\u00e9 se uskute\u010dn\u00ed v sobotu 5.10.2019 v Jemnici. Nahl\u00e1\u0161en\u00ed hl\u00eddek do ned\u011ble 29.9. 2019.<\/p>\n\n\n\n<figure class=\"wp-block-image\"><img loading=\"lazy\" decoding=\"async\" width=\"1024\" height=\"725\" src=\"https:\/\/orlicemb.cz\/wp-content\/uploads\/2019\/09\/Indi\u00e1nsk\u00e9-l\u00e9to-2019-1024x725.jpg\" alt=\"\" class=\"wp-image-1684\" srcset=\"https:\/\/orlicemb.cz\/wp-content\/uploads\/2019\/09\/Indi\u00e1nsk\u00e9-l\u00e9to-2019-1024x725.jpg 1024w, https:\/\/orlicemb.cz\/wp-content\/uploads\/2019\/09\/Indi\u00e1nsk\u00e9-l\u00e9to-2019-300x212.jpg 300w, https:\/\/orlicemb.cz\/wp-content\/uploads\/2019\/09\/Indi\u00e1nsk\u00e9-l\u00e9to-2019-768x543.jpg 768w, https:\/\/orlicemb.cz\/wp-content\/uploads\/2019\/09\/Indi\u00e1nsk\u00e9-l\u00e9to-2019.jpg 1081w\" sizes=\"auto, (max-width: 1024px) 100vw, 1024px\" \/><\/figure>\n","protected":false},"excerpt":{"rendered":"<p>Skautsk\u00e9 st\u0159edisko Jemnice zve v\u0161echny skauty z na\u0161eho okresu na dal\u0161\u00ed ro\u010dn\u00edk Indi\u00e1nsk\u00e9ho l\u00e9ta,\u00a0kter\u00e9 se uskute\u010dn\u00ed v sobotu 5.10.2019 v Jemnici. Nahl\u00e1\u0161en\u00ed hl\u00eddek do ned\u011ble 29.9. 2019.<\/p>\n","protected":false},"author":12,"featured_media":0,"comment_status":"closed","ping_status":"closed","sticky":false,"template":"","format":"standard","meta":{"footnotes":""},"categories":[20],"tags":[],"class_list":["post-1683","post","type-post","status-publish","format-standard","hentry","category-pozvanky-na-akce-pro-sirsi-skautskou-zakladnu"],"_links":{"self":[{"href":"https:\/\/orlicemb.cz\/index.php?rest_route=\/wp\/v2\/posts\/1683","targetHints":{"allow":["GET"]}}],"collection":[{"href":"https:\/\/orlicemb.cz\/index.php?rest_route=\/wp\/v2\/posts"}],"about":[{"href":"https:\/\/orlicemb.cz\/index.php?rest_route=\/wp\/v2\/types\/post"}],"author":[{"embeddable":true,"href":"https:\/\/orlicemb.cz\/index.php?rest_route=\/wp\/v2\/users\/12"}],"replies":[{"embeddable":true,"href":"https:\/\/orlicemb.cz\/index.php?rest_route=%2Fwp%2Fv2%2Fcomments&post=1683"}],"version-history":[{"count":1,"href":"https:\/\/orlicemb.cz\/index.php?rest_route=\/wp\/v2\/posts\/1683\/revisions"}],"predecessor-version":[{"id":1685,"href":"https:\/\/orlicemb.cz\/index.php?rest_route=\/wp\/v2\/posts\/1683\/revisions\/1685"}],"wp:attachment":[{"href":"https:\/\/orlicemb.cz\/index.php?rest_route=%2Fwp%2Fv2%2Fmedia&parent=1683"}],"wp:term":[{"taxonomy":"category","embeddable":true,"href":"https:\/\/orlicemb.cz\/index.php?rest_route=%2Fwp%2Fv2%2Fcategories&post=1683"},{"taxonomy":"post_tag","embeddable":true,"href":"https:\/\/orlicemb.cz\/index.php?rest_route=%2Fwp%2Fv2%2Ftags&post=1683"}],"curies":[{"name":"wp","href":"https:\/\/api.w.org\/{rel}","templated":true}]}}