{"id":1630,"date":"2019-05-08T20:00:26","date_gmt":"2019-05-08T18:00:26","guid":{"rendered":"http:\/\/orlicemb.cz\/?p=1630"},"modified":"2019-05-07T20:58:19","modified_gmt":"2019-05-07T18:58:19","slug":"jarni-brigada-na-taboristi","status":"publish","type":"post","link":"https:\/\/orlicemb.cz\/?p=1630","title":{"rendered":"Brig\u00e1da na t\u00e1bo\u0159i\u0161ti"},"content":{"rendered":"<p>Minulou st\u0159edu prob\u011bhla jarn\u00ed brig\u00e1da na t\u00e1bo\u0159i\u0161ti, kde jsme ud\u011blali kus pr\u00e1ce. D\u00edky v\u0161em, kte\u0159\u00ed se j\u00ed z\u00fa\u010dastnili, stalo to za to! \ud83d\udcaa<br \/>\nJak n\u00e1m to \u0161lo, a koho jsme potkali se m\u016f\u017eete pod\u00edvat v na\u0161\u00ed fotogalerii: <a href=\"https:\/\/www.zonerama.com\/strediskomoravskaorlice\/Album\/5274231\">https:\/\/www.zonerama.com\/strediskomoravskaorlice\/Album\/5274231<\/a><\/p>\n<figure id=\"attachment_1631\" aria-describedby=\"caption-attachment-1631\" style=\"width: 474px\" class=\"wp-caption alignleft\"><a href=\"https:\/\/orlicemb.cz\/wp-content\/uploads\/2019\/05\/DSC_0087.jpg\"><img loading=\"lazy\" decoding=\"async\" class=\"size-large wp-image-1631\" src=\"https:\/\/orlicemb.cz\/wp-content\/uploads\/2019\/05\/DSC_0087-1024x683.jpg\" alt=\"\" width=\"474\" height=\"316\" srcset=\"https:\/\/orlicemb.cz\/wp-content\/uploads\/2019\/05\/DSC_0087-1024x683.jpg 1024w, https:\/\/orlicemb.cz\/wp-content\/uploads\/2019\/05\/DSC_0087-300x200.jpg 300w, https:\/\/orlicemb.cz\/wp-content\/uploads\/2019\/05\/DSC_0087-768x512.jpg 768w\" sizes=\"auto, (max-width: 474px) 100vw, 474px\" \/><\/a><figcaption id=\"caption-attachment-1631\" class=\"wp-caption-text\">Brig\u00e1da na Had\u00edm vrchu<\/figcaption><\/figure>\n","protected":false},"excerpt":{"rendered":"<p>Minulou st\u0159edu prob\u011bhla jarn\u00ed brig\u00e1da na t\u00e1bo\u0159i\u0161ti, kde jsme ud\u011blali kus pr\u00e1ce. D\u00edky v\u0161em, kte\u0159\u00ed se j\u00ed z\u00fa\u010dastnili, stalo to za to! \ud83d\udcaa Jak n\u00e1m to \u0161lo, a koho jsme potkali se m\u016f\u017eete pod\u00edvat v na\u0161\u00ed fotogalerii: https:\/\/www.zonerama.com\/strediskomoravskaorlice\/Album\/5274231<\/p>\n","protected":false},"author":12,"featured_media":0,"comment_status":"closed","ping_status":"closed","sticky":false,"template":"","format":"standard","meta":{"footnotes":""},"categories":[8],"tags":[],"class_list":["post-1630","post","type-post","status-publish","format-standard","hentry","category-akce-2"],"_links":{"self":[{"href":"https:\/\/orlicemb.cz\/index.php?rest_route=\/wp\/v2\/posts\/1630","targetHints":{"allow":["GET"]}}],"collection":[{"href":"https:\/\/orlicemb.cz\/index.php?rest_route=\/wp\/v2\/posts"}],"about":[{"href":"https:\/\/orlicemb.cz\/index.php?rest_route=\/wp\/v2\/types\/post"}],"author":[{"embeddable":true,"href":"https:\/\/orlicemb.cz\/index.php?rest_route=\/wp\/v2\/users\/12"}],"replies":[{"embeddable":true,"href":"https:\/\/orlicemb.cz\/index.php?rest_route=%2Fwp%2Fv2%2Fcomments&post=1630"}],"version-history":[{"count":2,"href":"https:\/\/orlicemb.cz\/index.php?rest_route=\/wp\/v2\/posts\/1630\/revisions"}],"predecessor-version":[{"id":1633,"href":"https:\/\/orlicemb.cz\/index.php?rest_route=\/wp\/v2\/posts\/1630\/revisions\/1633"}],"wp:attachment":[{"href":"https:\/\/orlicemb.cz\/index.php?rest_route=%2Fwp%2Fv2%2Fmedia&parent=1630"}],"wp:term":[{"taxonomy":"category","embeddable":true,"href":"https:\/\/orlicemb.cz\/index.php?rest_route=%2Fwp%2Fv2%2Fcategories&post=1630"},{"taxonomy":"post_tag","embeddable":true,"href":"https:\/\/orlicemb.cz\/index.php?rest_route=%2Fwp%2Fv2%2Ftags&post=1630"}],"curies":[{"name":"wp","href":"https:\/\/api.w.org\/{rel}","templated":true}]}}