{"id":1627,"date":"2019-05-05T11:24:54","date_gmt":"2019-05-05T09:24:54","guid":{"rendered":"http:\/\/orlicemb.cz\/?p=1627"},"modified":"2019-05-05T11:24:54","modified_gmt":"2019-05-05T09:24:54","slug":"kladeni-vencu-8-5-2019","status":"publish","type":"post","link":"https:\/\/orlicemb.cz\/?p=1627","title":{"rendered":"Kladen\u00ed v\u011bnc\u016f 8. 5. 2019"},"content":{"rendered":"<p>P\u0159ij\u010fte ve st\u0159edu uct\u00edt pam\u00e1tku padl\u00fdch ve 2. sv\u011btov\u00e9 v\u00e1lce. Sraz bude 8. kv\u011btna v 17:20 na parkovi\u0161ti p\u0159ed h\u0159bitovem. P\u0159ij\u010fte v kroji nebo odd\u00edlov\u00e9m tri\u010dku se \u0161\u00e1tkem a slu\u0161n\u00fdmi jednobarevn\u00fdmi kalhotami.<\/p>\n<p><a href=\"https:\/\/orlicemb.cz\/wp-content\/uploads\/2019\/05\/Kladen\u00ed-v\u011bnc\u016f2019.png\"><img loading=\"lazy\" decoding=\"async\" class=\"alignleft size-large wp-image-1628\" src=\"https:\/\/orlicemb.cz\/wp-content\/uploads\/2019\/05\/Kladen\u00ed-v\u011bnc\u016f2019-1024x722.png\" alt=\"\" width=\"474\" height=\"334\" srcset=\"https:\/\/orlicemb.cz\/wp-content\/uploads\/2019\/05\/Kladen\u00ed-v\u011bnc\u016f2019-1024x722.png 1024w, https:\/\/orlicemb.cz\/wp-content\/uploads\/2019\/05\/Kladen\u00ed-v\u011bnc\u016f2019-300x212.png 300w, https:\/\/orlicemb.cz\/wp-content\/uploads\/2019\/05\/Kladen\u00ed-v\u011bnc\u016f2019-768x541.png 768w\" sizes=\"auto, (max-width: 474px) 100vw, 474px\" \/><\/a><\/p>\n","protected":false},"excerpt":{"rendered":"<p>P\u0159ij\u010fte ve st\u0159edu uct\u00edt pam\u00e1tku padl\u00fdch ve 2. sv\u011btov\u00e9 v\u00e1lce. Sraz bude 8. kv\u011btna v 17:20 na parkovi\u0161ti p\u0159ed h\u0159bitovem. P\u0159ij\u010fte v kroji nebo odd\u00edlov\u00e9m tri\u010dku se \u0161\u00e1tkem a slu\u0161n\u00fdmi jednobarevn\u00fdmi kalhotami.<\/p>\n","protected":false},"author":12,"featured_media":0,"comment_status":"closed","ping_status":"closed","sticky":false,"template":"","format":"standard","meta":{"footnotes":""},"categories":[19,20,9],"tags":[],"class_list":["post-1627","post","type-post","status-publish","format-standard","hentry","category-co-noveho-ve-stredisku","category-pozvanky-na-akce-pro-sirsi-skautskou-zakladnu","category-pozvanky"],"_links":{"self":[{"href":"https:\/\/orlicemb.cz\/index.php?rest_route=\/wp\/v2\/posts\/1627","targetHints":{"allow":["GET"]}}],"collection":[{"href":"https:\/\/orlicemb.cz\/index.php?rest_route=\/wp\/v2\/posts"}],"about":[{"href":"https:\/\/orlicemb.cz\/index.php?rest_route=\/wp\/v2\/types\/post"}],"author":[{"embeddable":true,"href":"https:\/\/orlicemb.cz\/index.php?rest_route=\/wp\/v2\/users\/12"}],"replies":[{"embeddable":true,"href":"https:\/\/orlicemb.cz\/index.php?rest_route=%2Fwp%2Fv2%2Fcomments&post=1627"}],"version-history":[{"count":1,"href":"https:\/\/orlicemb.cz\/index.php?rest_route=\/wp\/v2\/posts\/1627\/revisions"}],"predecessor-version":[{"id":1629,"href":"https:\/\/orlicemb.cz\/index.php?rest_route=\/wp\/v2\/posts\/1627\/revisions\/1629"}],"wp:attachment":[{"href":"https:\/\/orlicemb.cz\/index.php?rest_route=%2Fwp%2Fv2%2Fmedia&parent=1627"}],"wp:term":[{"taxonomy":"category","embeddable":true,"href":"https:\/\/orlicemb.cz\/index.php?rest_route=%2Fwp%2Fv2%2Fcategories&post=1627"},{"taxonomy":"post_tag","embeddable":true,"href":"https:\/\/orlicemb.cz\/index.php?rest_route=%2Fwp%2Fv2%2Ftags&post=1627"}],"curies":[{"name":"wp","href":"https:\/\/api.w.org\/{rel}","templated":true}]}}