{"id":1623,"date":"2019-04-17T22:59:07","date_gmt":"2019-04-17T20:59:07","guid":{"rendered":"http:\/\/orlicemb.cz\/?p=1623"},"modified":"2019-04-17T22:59:07","modified_gmt":"2019-04-17T20:59:07","slug":"velikonocni-hrkani","status":"publish","type":"post","link":"https:\/\/orlicemb.cz\/?p=1623","title":{"rendered":"Velikono\u010dn\u00ed hrk\u00e1n\u00ed"},"content":{"rendered":"<p>Zpest\u0159ete si velikono\u010dn\u00ed pr\u00e1zdniny a vyrazte spole\u010dn\u011b s 1. sme\u010dkou vl\u010dat na tradi\u010dn\u00ed V\u00edseck\u00e9 hrk\u00e1n\u00ed v p\u00e1tek a v sobotu v\u017edy od 11:45 od kostela sv. Jilj\u00ed.<\/p>\n<p><a href=\"https:\/\/orlicemb.cz\/wp-content\/uploads\/2019\/04\/papaja_VELIKONO\u010cN\u00cd-HRK\u00c1N\u00cd-1.png\"><img loading=\"lazy\" decoding=\"async\" class=\"alignleft size-large wp-image-1624\" src=\"https:\/\/orlicemb.cz\/wp-content\/uploads\/2019\/04\/papaja_VELIKONO\u010cN\u00cd-HRK\u00c1N\u00cd-1-1024x724.png\" alt=\"\" width=\"474\" height=\"335\" srcset=\"https:\/\/orlicemb.cz\/wp-content\/uploads\/2019\/04\/papaja_VELIKONO\u010cN\u00cd-HRK\u00c1N\u00cd-1-1024x724.png 1024w, https:\/\/orlicemb.cz\/wp-content\/uploads\/2019\/04\/papaja_VELIKONO\u010cN\u00cd-HRK\u00c1N\u00cd-1-300x212.png 300w, https:\/\/orlicemb.cz\/wp-content\/uploads\/2019\/04\/papaja_VELIKONO\u010cN\u00cd-HRK\u00c1N\u00cd-1-768x543.png 768w, https:\/\/orlicemb.cz\/wp-content\/uploads\/2019\/04\/papaja_VELIKONO\u010cN\u00cd-HRK\u00c1N\u00cd-1.png 1123w\" sizes=\"auto, (max-width: 474px) 100vw, 474px\" \/><\/a><\/p>\n","protected":false},"excerpt":{"rendered":"<p>Zpest\u0159ete si velikono\u010dn\u00ed pr\u00e1zdniny a vyrazte spole\u010dn\u011b s 1. sme\u010dkou vl\u010dat na tradi\u010dn\u00ed V\u00edseck\u00e9 hrk\u00e1n\u00ed v p\u00e1tek a v sobotu v\u017edy od 11:45 od kostela sv. Jilj\u00ed.<\/p>\n","protected":false},"author":12,"featured_media":0,"comment_status":"closed","ping_status":"closed","sticky":false,"template":"","format":"standard","meta":{"footnotes":""},"categories":[20],"tags":[],"class_list":["post-1623","post","type-post","status-publish","format-standard","hentry","category-pozvanky-na-akce-pro-sirsi-skautskou-zakladnu"],"_links":{"self":[{"href":"https:\/\/orlicemb.cz\/index.php?rest_route=\/wp\/v2\/posts\/1623","targetHints":{"allow":["GET"]}}],"collection":[{"href":"https:\/\/orlicemb.cz\/index.php?rest_route=\/wp\/v2\/posts"}],"about":[{"href":"https:\/\/orlicemb.cz\/index.php?rest_route=\/wp\/v2\/types\/post"}],"author":[{"embeddable":true,"href":"https:\/\/orlicemb.cz\/index.php?rest_route=\/wp\/v2\/users\/12"}],"replies":[{"embeddable":true,"href":"https:\/\/orlicemb.cz\/index.php?rest_route=%2Fwp%2Fv2%2Fcomments&post=1623"}],"version-history":[{"count":1,"href":"https:\/\/orlicemb.cz\/index.php?rest_route=\/wp\/v2\/posts\/1623\/revisions"}],"predecessor-version":[{"id":1625,"href":"https:\/\/orlicemb.cz\/index.php?rest_route=\/wp\/v2\/posts\/1623\/revisions\/1625"}],"wp:attachment":[{"href":"https:\/\/orlicemb.cz\/index.php?rest_route=%2Fwp%2Fv2%2Fmedia&parent=1623"}],"wp:term":[{"taxonomy":"category","embeddable":true,"href":"https:\/\/orlicemb.cz\/index.php?rest_route=%2Fwp%2Fv2%2Fcategories&post=1623"},{"taxonomy":"post_tag","embeddable":true,"href":"https:\/\/orlicemb.cz\/index.php?rest_route=%2Fwp%2Fv2%2Ftags&post=1623"}],"curies":[{"name":"wp","href":"https:\/\/api.w.org\/{rel}","templated":true}]}}