{"id":1620,"date":"2019-04-15T20:00:23","date_gmt":"2019-04-15T18:00:23","guid":{"rendered":"http:\/\/orlicemb.cz\/?p=1620"},"modified":"2019-04-15T01:52:32","modified_gmt":"2019-04-14T23:52:32","slug":"okresni-kolo-sz","status":"publish","type":"post","link":"https:\/\/orlicemb.cz\/?p=1620","title":{"rendered":"Okresn\u00ed kolo SZ"},"content":{"rendered":"<p>Skauti a skautky z na\u0161eho st\u0159ediska se v\u010dera z\u00fa\u010dastnili okresn\u00edho kola Svojs\u00edkova z\u00e1vodu na Dobr\u00e9 Vod\u011b. I p\u0159es hor\u0161\u00ed po\u010das\u00ed si z\u00e1vod u\u017eili a porovnali sv\u00e9 dovednosti s ostatn\u00edmi dru\u017einami. Dru\u017eina Rosni\u010dek vyhr\u00e1la d\u00edv\u010d\u00ed kategorii a postoupila do krajsk\u00e9ho kola, konaj\u00edc\u00edho se na konci kv\u011btna. Druh\u00e1 dru\u017eina skautek Sedmikr\u00e1sky obsadila kr\u00e1sn\u00e9 6. m\u00edsto a skautsk\u00e1 dru\u017eina Orl\u016f obsadila m\u00edsto 3.\u00a0<span class=\"_5mfr\"><span class=\"_6qdm\">\u269c\ufe0f<\/span><\/span><br \/>\nD\u011bkujeme v\u0161em za vynalo\u017een\u00e9 \u00fasil\u00ed a \u010das\u00a0<span class=\"_47e3 _5mfr\" title=\"Emotikona smile\"><img loading=\"lazy\" decoding=\"async\" class=\"img\" role=\"presentation\" src=\"https:\/\/static.xx.fbcdn.net\/images\/emoji.php\/v9\/t4c\/1\/16\/1f642.png\" alt=\"\" width=\"16\" height=\"16\" \/><a href=\"https:\/\/orlicemb.cz\/wp-content\/uploads\/2019\/04\/DSC_0673.jpg\"><img loading=\"lazy\" decoding=\"async\" class=\"alignleft size-large wp-image-1621\" src=\"https:\/\/orlicemb.cz\/wp-content\/uploads\/2019\/04\/DSC_0673-1024x683.jpg\" alt=\"\" width=\"474\" height=\"316\" srcset=\"https:\/\/orlicemb.cz\/wp-content\/uploads\/2019\/04\/DSC_0673-1024x683.jpg 1024w, https:\/\/orlicemb.cz\/wp-content\/uploads\/2019\/04\/DSC_0673-300x200.jpg 300w, https:\/\/orlicemb.cz\/wp-content\/uploads\/2019\/04\/DSC_0673-768x512.jpg 768w\" sizes=\"auto, (max-width: 474px) 100vw, 474px\" \/><\/a><\/span><\/p>\n<p style=\"text-align: center;\">Sledujete n\u00e1s i na\u00a0<a href=\"https:\/\/www.facebook.com\/strediskomoravskaorlice\/?__xts__%5B0%5D=68.ARDZ0tVzhIhv_syrOD6b2OdpUhsZUPW7IIAEq9FHPWKj_1jYvtSzPKjQPjt3E9lxk_LAD4xI903-NsjOpRcz-mCWzQe33KCTyrqwwAYfb1ukWb7tPzSNOc6sOWmglgu2fP_Y42nsxlR5zySs3Svdsk-xBq2_ucWQm9KMvdylXdvcOz5UCdjUu3RxWW_GKIrMGfHCTFqbDa41gvW31BVrk5KXVOW4GNFfYWNtelXEzt9afAQw2fw_MoeJjWK3a4NVUvdsO90PmVMXPEs0sX4CVbWdl5h5yln8khpDlqm5cIDO7m5kGqQqvHG0CEdJ-8qYjtw_wuUqUG9HN8M8pQ2eBk4kuA\">Facebooku<\/a>\u00a0a\u00a0<a href=\"https:\/\/www.instagram.com\/skaut_mb\/\">Instagramu<\/a><\/p>\n<p>&nbsp;<\/p>\n","protected":false},"excerpt":{"rendered":"<p>Skauti a skautky z na\u0161eho st\u0159ediska se v\u010dera z\u00fa\u010dastnili okresn\u00edho kola Svojs\u00edkova z\u00e1vodu na Dobr\u00e9 Vod\u011b. I p\u0159es hor\u0161\u00ed po\u010das\u00ed si z\u00e1vod u\u017eili a porovnali sv\u00e9 dovednosti s ostatn\u00edmi dru\u017einami. Dru\u017eina Rosni\u010dek vyhr\u00e1la d\u00edv\u010d\u00ed kategorii a postoupila do krajsk\u00e9ho kola, konaj\u00edc\u00edho se na konci kv\u011btna. Druh\u00e1 dru\u017eina skautek Sedmikr\u00e1sky obsadila kr\u00e1sn\u00e9 6. m\u00edsto a skautsk\u00e1 &hellip; <a href=\"https:\/\/orlicemb.cz\/?p=1620\" class=\"more-link\">Pokra\u010dov\u00e1n\u00ed textu <span class=\"screen-reader-text\">Okresn\u00ed kolo SZ<\/span> <span class=\"meta-nav\">&rarr;<\/span><\/a><\/p>\n","protected":false},"author":12,"featured_media":0,"comment_status":"closed","ping_status":"closed","sticky":false,"template":"","format":"standard","meta":{"footnotes":""},"categories":[8,19],"tags":[],"class_list":["post-1620","post","type-post","status-publish","format-standard","hentry","category-akce-2","category-co-noveho-ve-stredisku"],"_links":{"self":[{"href":"https:\/\/orlicemb.cz\/index.php?rest_route=\/wp\/v2\/posts\/1620","targetHints":{"allow":["GET"]}}],"collection":[{"href":"https:\/\/orlicemb.cz\/index.php?rest_route=\/wp\/v2\/posts"}],"about":[{"href":"https:\/\/orlicemb.cz\/index.php?rest_route=\/wp\/v2\/types\/post"}],"author":[{"embeddable":true,"href":"https:\/\/orlicemb.cz\/index.php?rest_route=\/wp\/v2\/users\/12"}],"replies":[{"embeddable":true,"href":"https:\/\/orlicemb.cz\/index.php?rest_route=%2Fwp%2Fv2%2Fcomments&post=1620"}],"version-history":[{"count":1,"href":"https:\/\/orlicemb.cz\/index.php?rest_route=\/wp\/v2\/posts\/1620\/revisions"}],"predecessor-version":[{"id":1622,"href":"https:\/\/orlicemb.cz\/index.php?rest_route=\/wp\/v2\/posts\/1620\/revisions\/1622"}],"wp:attachment":[{"href":"https:\/\/orlicemb.cz\/index.php?rest_route=%2Fwp%2Fv2%2Fmedia&parent=1620"}],"wp:term":[{"taxonomy":"category","embeddable":true,"href":"https:\/\/orlicemb.cz\/index.php?rest_route=%2Fwp%2Fv2%2Fcategories&post=1620"},{"taxonomy":"post_tag","embeddable":true,"href":"https:\/\/orlicemb.cz\/index.php?rest_route=%2Fwp%2Fv2%2Ftags&post=1620"}],"curies":[{"name":"wp","href":"https:\/\/api.w.org\/{rel}","templated":true}]}}