{"id":1565,"date":"2019-02-24T22:34:44","date_gmt":"2019-02-24T21:34:44","guid":{"rendered":"http:\/\/orlicemb.cz\/?p=1565"},"modified":"2019-02-24T22:36:46","modified_gmt":"2019-02-24T21:36:46","slug":"vyprava-skautek-do-prahy","status":"publish","type":"post","link":"https:\/\/orlicemb.cz\/?p=1565","title":{"rendered":"V\u00fdprava skautek do Prahy"},"content":{"rendered":"<p>Minul\u00fd v\u00edkend se odd\u00edl skautek vydal na v\u00fdpravu do Prahy, p\u0159e\u010dt\u011bte si jak z\u00e1\u017eitek l\u00ed\u010d\u00ed jedna z \u00fa\u010dastnic:<br \/>\n&#8222;Je\u0161t\u011b v p\u00e1tek ve\u010der jsme vystoupaly na kopec Letn\u00e1, abychom se pod\u00edvaly na z\u00e1\u0159\u00edc\u00ed no\u010dn\u00ed m\u011bsto. Celou sobotu jsme str\u00e1vily v centru Prahy, kter\u00e9 jsme prochodily k\u0159\u00ed\u017eem kr\u00e1\u017eem (V\u00e1clavsk\u00e9 n\u00e1m\u011bst\u00ed, Starom\u011bstsk\u00e9 n\u00e1m\u011bst\u00ed, \u017eidovsk\u00e1 \u010dtvr\u0165, Kampa a N\u00e1rodn\u00ed divadlo). Odpoledne pat\u0159ilo n\u00e1v\u0161t\u011bv\u011b N\u00e1rodn\u00ed galerie, kde jsme si pro\u0161ly sb\u00edrky 19.-21. stolet\u00ed. A ve\u010der divadlo! Konkr\u00e9tn\u011b hra Pygmalion, u kter\u00e9 jsme se opravdu hodn\u011b nasm\u00e1ly. P\u0159ed ned\u011bln\u00ed cestou zp\u011bt dom\u016f jsme nav\u0161t\u00edvily are\u00e1l Pra\u017esk\u00e9ho hradu a Svatov\u00edtskou katedr\u00e1lu.&#8220;<\/p>\n<p><a href=\"https:\/\/orlicemb.cz\/wp-content\/uploads\/2019\/02\/52778897_299247840773247_5942035332156358656_n.jpg\"><img loading=\"lazy\" decoding=\"async\" class=\"size-full wp-image-1566 aligncenter\" src=\"https:\/\/orlicemb.cz\/wp-content\/uploads\/2019\/02\/52778897_299247840773247_5942035332156358656_n.jpg\" alt=\"\" width=\"2048\" height=\"1365\" srcset=\"https:\/\/orlicemb.cz\/wp-content\/uploads\/2019\/02\/52778897_299247840773247_5942035332156358656_n.jpg 2048w, https:\/\/orlicemb.cz\/wp-content\/uploads\/2019\/02\/52778897_299247840773247_5942035332156358656_n-300x200.jpg 300w, https:\/\/orlicemb.cz\/wp-content\/uploads\/2019\/02\/52778897_299247840773247_5942035332156358656_n-768x512.jpg 768w, https:\/\/orlicemb.cz\/wp-content\/uploads\/2019\/02\/52778897_299247840773247_5942035332156358656_n-1024x683.jpg 1024w\" sizes=\"auto, (max-width: 2048px) 100vw, 2048px\" \/><\/a><\/p>\n<p style=\"text-align: center;\">Sledujete n\u00e1s i na\u00a0<a href=\"https:\/\/www.facebook.com\/strediskomoravskaorlice\/?__xts__%5B0%5D=68.ARDZ0tVzhIhv_syrOD6b2OdpUhsZUPW7IIAEq9FHPWKj_1jYvtSzPKjQPjt3E9lxk_LAD4xI903-NsjOpRcz-mCWzQe33KCTyrqwwAYfb1ukWb7tPzSNOc6sOWmglgu2fP_Y42nsxlR5zySs3Svdsk-xBq2_ucWQm9KMvdylXdvcOz5UCdjUu3RxWW_GKIrMGfHCTFqbDa41gvW31BVrk5KXVOW4GNFfYWNtelXEzt9afAQw2fw_MoeJjWK3a4NVUvdsO90PmVMXPEs0sX4CVbWdl5h5yln8khpDlqm5cIDO7m5kGqQqvHG0CEdJ-8qYjtw_wuUqUG9HN8M8pQ2eBk4kuA\">Facebooku<\/a>\u00a0a\u00a0<a href=\"https:\/\/www.instagram.com\/skaut_mb\/\">Instagramu<\/a><\/p>\n<p>&nbsp;<\/p>\n","protected":false},"excerpt":{"rendered":"<p>Minul\u00fd v\u00edkend se odd\u00edl skautek vydal na v\u00fdpravu do Prahy, p\u0159e\u010dt\u011bte si jak z\u00e1\u017eitek l\u00ed\u010d\u00ed jedna z \u00fa\u010dastnic: &#8222;Je\u0161t\u011b v p\u00e1tek ve\u010der jsme vystoupaly na kopec Letn\u00e1, abychom se pod\u00edvaly na z\u00e1\u0159\u00edc\u00ed no\u010dn\u00ed m\u011bsto. Celou sobotu jsme str\u00e1vily v centru Prahy, kter\u00e9 jsme prochodily k\u0159\u00ed\u017eem kr\u00e1\u017eem (V\u00e1clavsk\u00e9 n\u00e1m\u011bst\u00ed, Starom\u011bstsk\u00e9 n\u00e1m\u011bst\u00ed, \u017eidovsk\u00e1 \u010dtvr\u0165, Kampa a N\u00e1rodn\u00ed &hellip; <a href=\"https:\/\/orlicemb.cz\/?p=1565\" class=\"more-link\">Pokra\u010dov\u00e1n\u00ed textu <span class=\"screen-reader-text\">V\u00fdprava skautek do Prahy<\/span> <span class=\"meta-nav\">&rarr;<\/span><\/a><\/p>\n","protected":false},"author":12,"featured_media":0,"comment_status":"closed","ping_status":"closed","sticky":false,"template":"","format":"standard","meta":{"footnotes":""},"categories":[8],"tags":[],"class_list":["post-1565","post","type-post","status-publish","format-standard","hentry","category-akce-2"],"_links":{"self":[{"href":"https:\/\/orlicemb.cz\/index.php?rest_route=\/wp\/v2\/posts\/1565","targetHints":{"allow":["GET"]}}],"collection":[{"href":"https:\/\/orlicemb.cz\/index.php?rest_route=\/wp\/v2\/posts"}],"about":[{"href":"https:\/\/orlicemb.cz\/index.php?rest_route=\/wp\/v2\/types\/post"}],"author":[{"embeddable":true,"href":"https:\/\/orlicemb.cz\/index.php?rest_route=\/wp\/v2\/users\/12"}],"replies":[{"embeddable":true,"href":"https:\/\/orlicemb.cz\/index.php?rest_route=%2Fwp%2Fv2%2Fcomments&post=1565"}],"version-history":[{"count":4,"href":"https:\/\/orlicemb.cz\/index.php?rest_route=\/wp\/v2\/posts\/1565\/revisions"}],"predecessor-version":[{"id":1570,"href":"https:\/\/orlicemb.cz\/index.php?rest_route=\/wp\/v2\/posts\/1565\/revisions\/1570"}],"wp:attachment":[{"href":"https:\/\/orlicemb.cz\/index.php?rest_route=%2Fwp%2Fv2%2Fmedia&parent=1565"}],"wp:term":[{"taxonomy":"category","embeddable":true,"href":"https:\/\/orlicemb.cz\/index.php?rest_route=%2Fwp%2Fv2%2Fcategories&post=1565"},{"taxonomy":"post_tag","embeddable":true,"href":"https:\/\/orlicemb.cz\/index.php?rest_route=%2Fwp%2Fv2%2Ftags&post=1565"}],"curies":[{"name":"wp","href":"https:\/\/api.w.org\/{rel}","templated":true}]}}