{"id":1540,"date":"2019-01-30T20:00:32","date_gmt":"2019-01-30T19:00:32","guid":{"rendered":"http:\/\/orlicemb.cz\/?p=1540"},"modified":"2019-01-16T15:01:09","modified_gmt":"2019-01-16T14:01:09","slug":"terminy-taboru-2019","status":"publish","type":"post","link":"https:\/\/orlicemb.cz\/?p=1540","title":{"rendered":"Term\u00edny t\u00e1bor\u016f 2019"},"content":{"rendered":"<p>Do pr\u00e1zdnin zb\u00fdv\u00e1 p\u0159esn\u011b 150 dn\u00ed a my v\u00e1m p\u0159in\u00e1\u0161\u00edme term\u00edny na\u0161ich t\u00e1bor\u016f v l\u00e9t\u011b 2019!\u00a0<span class=\"_5mfr\"><span class=\"_6qdm\">\u269c\ufe0f<\/span><\/span><\/p>\n<ul>\n<li>Skauti a skautky: 29. 6. &#8211; 13. 7.<\/li>\n<li>Vl\u010data a sv\u011btlu\u0161ky: 14. 7. &#8211; 27. 7.<\/li>\n<li>Sk\u0159\u00edtci: 29. 7. &#8211; 2. 8.<\/li>\n<\/ul>\n<p><a href=\"https:\/\/orlicemb.cz\/wp-content\/uploads\/2019\/01\/Terminy_taboru_2019.png\"><img loading=\"lazy\" decoding=\"async\" class=\"alignleft size-full wp-image-1541\" src=\"https:\/\/orlicemb.cz\/wp-content\/uploads\/2019\/01\/Terminy_taboru_2019.png\" alt=\"\" width=\"4500\" height=\"4500\" srcset=\"https:\/\/orlicemb.cz\/wp-content\/uploads\/2019\/01\/Terminy_taboru_2019.png 4500w, https:\/\/orlicemb.cz\/wp-content\/uploads\/2019\/01\/Terminy_taboru_2019-150x150.png 150w, https:\/\/orlicemb.cz\/wp-content\/uploads\/2019\/01\/Terminy_taboru_2019-300x300.png 300w, https:\/\/orlicemb.cz\/wp-content\/uploads\/2019\/01\/Terminy_taboru_2019-768x768.png 768w, https:\/\/orlicemb.cz\/wp-content\/uploads\/2019\/01\/Terminy_taboru_2019-1024x1024.png 1024w\" sizes=\"auto, (max-width: 4500px) 100vw, 4500px\" \/><\/a><\/p>\n<p style=\"text-align: center;\">Sledujete n\u00e1s i na\u00a0<a href=\"http:\/\/on.fb.me\/1P5H5P5\">Facebooku<\/a>\u00a0a\u00a0<a href=\"https:\/\/www.instagram.com\/skaut_mb\/\">Instagramu<\/a><\/p>\n","protected":false},"excerpt":{"rendered":"<p>Do pr\u00e1zdnin zb\u00fdv\u00e1 p\u0159esn\u011b 150 dn\u00ed a my v\u00e1m p\u0159in\u00e1\u0161\u00edme term\u00edny na\u0161ich t\u00e1bor\u016f v l\u00e9t\u011b 2019!\u00a0\u269c\ufe0f Skauti a skautky: 29. 6. &#8211; 13. 7. Vl\u010data a sv\u011btlu\u0161ky: 14. 7. &#8211; 27. 7. Sk\u0159\u00edtci: 29. 7. &#8211; 2. 8. Sledujete n\u00e1s i na\u00a0Facebooku\u00a0a\u00a0Instagramu<\/p>\n","protected":false},"author":12,"featured_media":0,"comment_status":"closed","ping_status":"closed","sticky":false,"template":"","format":"standard","meta":{"footnotes":""},"categories":[19],"tags":[],"class_list":["post-1540","post","type-post","status-publish","format-standard","hentry","category-co-noveho-ve-stredisku"],"_links":{"self":[{"href":"https:\/\/orlicemb.cz\/index.php?rest_route=\/wp\/v2\/posts\/1540","targetHints":{"allow":["GET"]}}],"collection":[{"href":"https:\/\/orlicemb.cz\/index.php?rest_route=\/wp\/v2\/posts"}],"about":[{"href":"https:\/\/orlicemb.cz\/index.php?rest_route=\/wp\/v2\/types\/post"}],"author":[{"embeddable":true,"href":"https:\/\/orlicemb.cz\/index.php?rest_route=\/wp\/v2\/users\/12"}],"replies":[{"embeddable":true,"href":"https:\/\/orlicemb.cz\/index.php?rest_route=%2Fwp%2Fv2%2Fcomments&post=1540"}],"version-history":[{"count":1,"href":"https:\/\/orlicemb.cz\/index.php?rest_route=\/wp\/v2\/posts\/1540\/revisions"}],"predecessor-version":[{"id":1542,"href":"https:\/\/orlicemb.cz\/index.php?rest_route=\/wp\/v2\/posts\/1540\/revisions\/1542"}],"wp:attachment":[{"href":"https:\/\/orlicemb.cz\/index.php?rest_route=%2Fwp%2Fv2%2Fmedia&parent=1540"}],"wp:term":[{"taxonomy":"category","embeddable":true,"href":"https:\/\/orlicemb.cz\/index.php?rest_route=%2Fwp%2Fv2%2Fcategories&post=1540"},{"taxonomy":"post_tag","embeddable":true,"href":"https:\/\/orlicemb.cz\/index.php?rest_route=%2Fwp%2Fv2%2Ftags&post=1540"}],"curies":[{"name":"wp","href":"https:\/\/api.w.org\/{rel}","templated":true}]}}