{"id":1521,"date":"2019-01-02T22:59:39","date_gmt":"2019-01-02T21:59:39","guid":{"rendered":"http:\/\/orlicemb.cz\/?p=1521"},"modified":"2019-01-16T15:04:07","modified_gmt":"2019-01-16T14:04:07","slug":"jarni-kurz-zrska","status":"publish","type":"post","link":"https:\/\/orlicemb.cz\/?p=1521","title":{"rendered":"Jarn\u00ed kurz ZRSKA"},"content":{"rendered":"<p>Hled\u00e1te jarn\u00ed kurz ZZA? Chcete opravdu za\u017e\u00edt prvn\u00ed pomoc a v\u011bd\u011bt, co d\u011blat? N\u00e1\u0161 nabit\u00fd, z\u00e1\u017eitky pln\u00fd kurz s lektory, se kter\u00fdmi se nebudete nudit, je st\u00e1le AKTU\u00c1LN\u00cd. T\u011b\u0161\u00edme se na V\u00e1s!<br \/>\nAKTUALIZACE 8. ledna: Kapacita kurzu napln\u011bna!<\/p>\n<p><a href=\"https:\/\/orlicemb.cz\/wp-content\/uploads\/2019\/01\/ZZAplakat2019jaro-01.png\"><img loading=\"lazy\" decoding=\"async\" class=\"alignleft size-full wp-image-1522\" src=\"https:\/\/orlicemb.cz\/wp-content\/uploads\/2019\/01\/ZZAplakat2019jaro-01.png\" alt=\"\" width=\"4678\" height=\"6615\" srcset=\"https:\/\/orlicemb.cz\/wp-content\/uploads\/2019\/01\/ZZAplakat2019jaro-01.png 4678w, https:\/\/orlicemb.cz\/wp-content\/uploads\/2019\/01\/ZZAplakat2019jaro-01-212x300.png 212w, https:\/\/orlicemb.cz\/wp-content\/uploads\/2019\/01\/ZZAplakat2019jaro-01-768x1086.png 768w, https:\/\/orlicemb.cz\/wp-content\/uploads\/2019\/01\/ZZAplakat2019jaro-01-724x1024.png 724w\" sizes=\"auto, (max-width: 4678px) 100vw, 4678px\" \/><\/a><\/p>\n","protected":false},"excerpt":{"rendered":"<p>Hled\u00e1te jarn\u00ed kurz ZZA? Chcete opravdu za\u017e\u00edt prvn\u00ed pomoc a v\u011bd\u011bt, co d\u011blat? N\u00e1\u0161 nabit\u00fd, z\u00e1\u017eitky pln\u00fd kurz s lektory, se kter\u00fdmi se nebudete nudit, je st\u00e1le AKTU\u00c1LN\u00cd. T\u011b\u0161\u00edme se na V\u00e1s! AKTUALIZACE 8. ledna: Kapacita kurzu napln\u011bna!<\/p>\n","protected":false},"author":12,"featured_media":0,"comment_status":"closed","ping_status":"closed","sticky":false,"template":"","format":"standard","meta":{"footnotes":""},"categories":[19,20,9],"tags":[],"class_list":["post-1521","post","type-post","status-publish","format-standard","hentry","category-co-noveho-ve-stredisku","category-pozvanky-na-akce-pro-sirsi-skautskou-zakladnu","category-pozvanky"],"_links":{"self":[{"href":"https:\/\/orlicemb.cz\/index.php?rest_route=\/wp\/v2\/posts\/1521","targetHints":{"allow":["GET"]}}],"collection":[{"href":"https:\/\/orlicemb.cz\/index.php?rest_route=\/wp\/v2\/posts"}],"about":[{"href":"https:\/\/orlicemb.cz\/index.php?rest_route=\/wp\/v2\/types\/post"}],"author":[{"embeddable":true,"href":"https:\/\/orlicemb.cz\/index.php?rest_route=\/wp\/v2\/users\/12"}],"replies":[{"embeddable":true,"href":"https:\/\/orlicemb.cz\/index.php?rest_route=%2Fwp%2Fv2%2Fcomments&post=1521"}],"version-history":[{"count":2,"href":"https:\/\/orlicemb.cz\/index.php?rest_route=\/wp\/v2\/posts\/1521\/revisions"}],"predecessor-version":[{"id":1545,"href":"https:\/\/orlicemb.cz\/index.php?rest_route=\/wp\/v2\/posts\/1521\/revisions\/1545"}],"wp:attachment":[{"href":"https:\/\/orlicemb.cz\/index.php?rest_route=%2Fwp%2Fv2%2Fmedia&parent=1521"}],"wp:term":[{"taxonomy":"category","embeddable":true,"href":"https:\/\/orlicemb.cz\/index.php?rest_route=%2Fwp%2Fv2%2Fcategories&post=1521"},{"taxonomy":"post_tag","embeddable":true,"href":"https:\/\/orlicemb.cz\/index.php?rest_route=%2Fwp%2Fv2%2Ftags&post=1521"}],"curies":[{"name":"wp","href":"https:\/\/api.w.org\/{rel}","templated":true}]}}