{"id":1510,"date":"2018-12-11T19:10:39","date_gmt":"2018-12-11T18:10:39","guid":{"rendered":"http:\/\/orlicemb.cz\/?p=1510"},"modified":"2018-12-11T19:10:39","modified_gmt":"2018-12-11T18:10:39","slug":"betlemske-svetlo-2018","status":"publish","type":"post","link":"https:\/\/orlicemb.cz\/?p=1510","title":{"rendered":"Betl\u00e9msk\u00e9 sv\u011btlo 2018"},"content":{"rendered":"<p><span style=\"font-family: tahoma, sans-serif;\">V p\u0159edv\u00e1no\u010dn\u00edm \u010dase skauti a skautky z cel\u00e9ho sv\u011bta ji\u017e po t\u0159ic\u00e1t\u00e9 budou rozv\u00e1\u017eet Betl\u00e9msk\u00e9 sv\u011btlo jako symbol m\u00edru a porozum\u011bn\u00ed mezi n\u00e1rody. Pravideln\u011b se t\u00e9to ud\u00e1losti \u00fa\u010dastn\u00ed i skauti z na\u0161eho st\u0159ediska, kte\u0159\u00ed plam\u00ednek putuj\u00edc\u00ed a\u017e z betl\u00e9msk\u00e9 jeskyn\u011b, kde se dle pov\u011bsti narodil Je\u017e\u00ed\u0161 Kristus, p\u0159ivezou a budou rozd\u00e1vat i v Moravsk\u00fdch Bud\u011bjovic\u00edch.<br \/>\n<\/span><span style=\"font-family: tahoma, sans-serif;\">V ned\u011bli 16. prosince, kdy jej budou skaut\u0161t\u00ed kur\u00fd\u0159i rozv\u00e1\u017eet po republice bude dopoledne k vyzvednut\u00ed na vlakov\u00e9 trase Ok\u0159\u00ed\u0161ky \u2013 Znojmo, po n\u00e1vratu bude k dispozici ve skautsk\u00e9 klubovn\u011b na charitativn\u00ed akci\u00a0<a href=\"https:\/\/www.facebook.com\/events\/249479782397604\/?event_time_id=249479802397602\" target=\"_blank\" rel=\"noopener\" data-saferedirecturl=\"https:\/\/www.google.com\/url?q=https:\/\/www.facebook.com\/events\/249479782397604\/?event_time_id%3D249479802397602&amp;source=gmail&amp;ust=1544636226448000&amp;usg=AFQjCNFeFed1mhgMllzhiC5jlKqLOzEYsQ\">Coffee To Help 2018<\/a>. V p\u0159\u00edloze naleznete plak\u00e1t s rozepsan\u00fdmi \u010dasy p\u0159\u00edjezdu do jednotliv\u00fdch stanic.<br \/>\n<\/span><span style=\"font-family: tahoma, sans-serif;\">V sobotu 22. prosince si pro Betl\u00e9msk\u00e9 sv\u011btlo m\u016f\u017eete doj\u00edt do pr\u016fjezdu pod muzeem, kde jej budou skauti rozd\u00e1vat spole\u010dn\u011b se jmel\u00edm od 8:00 do 12:00 hod. dopoledne. B<\/span><span style=\"font-family: tahoma, sans-serif;\">li\u017e\u0161\u00ed informace naleznete na\u00a0<a href=\"https:\/\/www.facebook.com\/events\/350388249065463\" target=\"_blank\" rel=\"noopener\" data-saferedirecturl=\"https:\/\/www.google.com\/url?q=https:\/\/www.facebook.com\/events\/350388249065463&amp;source=gmail&amp;ust=1544636226449000&amp;usg=AFQjCNHkMjEHxr07zv-8KFCBc5d9LoT2Gg\">Rozd\u00e1v\u00e1n\u00ed Betl\u00e9msk\u00e9ho sv\u011btla<\/a><\/span><\/p>\n<p><a href=\"https:\/\/orlicemb.cz\/wp-content\/uploads\/2018\/12\/BS2017_1.png\"><img loading=\"lazy\" decoding=\"async\" class=\"alignleft size-full wp-image-1511\" src=\"https:\/\/orlicemb.cz\/wp-content\/uploads\/2018\/12\/BS2017_1.png\" alt=\"\" width=\"1250\" height=\"1250\" srcset=\"https:\/\/orlicemb.cz\/wp-content\/uploads\/2018\/12\/BS2017_1.png 1250w, https:\/\/orlicemb.cz\/wp-content\/uploads\/2018\/12\/BS2017_1-150x150.png 150w, https:\/\/orlicemb.cz\/wp-content\/uploads\/2018\/12\/BS2017_1-300x300.png 300w, https:\/\/orlicemb.cz\/wp-content\/uploads\/2018\/12\/BS2017_1-768x768.png 768w, https:\/\/orlicemb.cz\/wp-content\/uploads\/2018\/12\/BS2017_1-1024x1024.png 1024w\" sizes=\"auto, (max-width: 1250px) 100vw, 1250px\" \/><\/a><\/p>\n","protected":false},"excerpt":{"rendered":"<p>V p\u0159edv\u00e1no\u010dn\u00edm \u010dase skauti a skautky z cel\u00e9ho sv\u011bta ji\u017e po t\u0159ic\u00e1t\u00e9 budou rozv\u00e1\u017eet Betl\u00e9msk\u00e9 sv\u011btlo jako symbol m\u00edru a porozum\u011bn\u00ed mezi n\u00e1rody. Pravideln\u011b se t\u00e9to ud\u00e1losti \u00fa\u010dastn\u00ed i skauti z na\u0161eho st\u0159ediska, kte\u0159\u00ed plam\u00ednek putuj\u00edc\u00ed a\u017e z betl\u00e9msk\u00e9 jeskyn\u011b, kde se dle pov\u011bsti narodil Je\u017e\u00ed\u0161 Kristus, p\u0159ivezou a budou rozd\u00e1vat i v Moravsk\u00fdch Bud\u011bjovic\u00edch. &hellip; <a href=\"https:\/\/orlicemb.cz\/?p=1510\" class=\"more-link\">Pokra\u010dov\u00e1n\u00ed textu <span class=\"screen-reader-text\">Betl\u00e9msk\u00e9 sv\u011btlo 2018<\/span> <span class=\"meta-nav\">&rarr;<\/span><\/a><\/p>\n","protected":false},"author":12,"featured_media":0,"comment_status":"closed","ping_status":"closed","sticky":false,"template":"","format":"standard","meta":{"footnotes":""},"categories":[19,20,9],"tags":[],"class_list":["post-1510","post","type-post","status-publish","format-standard","hentry","category-co-noveho-ve-stredisku","category-pozvanky-na-akce-pro-sirsi-skautskou-zakladnu","category-pozvanky"],"_links":{"self":[{"href":"https:\/\/orlicemb.cz\/index.php?rest_route=\/wp\/v2\/posts\/1510","targetHints":{"allow":["GET"]}}],"collection":[{"href":"https:\/\/orlicemb.cz\/index.php?rest_route=\/wp\/v2\/posts"}],"about":[{"href":"https:\/\/orlicemb.cz\/index.php?rest_route=\/wp\/v2\/types\/post"}],"author":[{"embeddable":true,"href":"https:\/\/orlicemb.cz\/index.php?rest_route=\/wp\/v2\/users\/12"}],"replies":[{"embeddable":true,"href":"https:\/\/orlicemb.cz\/index.php?rest_route=%2Fwp%2Fv2%2Fcomments&post=1510"}],"version-history":[{"count":1,"href":"https:\/\/orlicemb.cz\/index.php?rest_route=\/wp\/v2\/posts\/1510\/revisions"}],"predecessor-version":[{"id":1512,"href":"https:\/\/orlicemb.cz\/index.php?rest_route=\/wp\/v2\/posts\/1510\/revisions\/1512"}],"wp:attachment":[{"href":"https:\/\/orlicemb.cz\/index.php?rest_route=%2Fwp%2Fv2%2Fmedia&parent=1510"}],"wp:term":[{"taxonomy":"category","embeddable":true,"href":"https:\/\/orlicemb.cz\/index.php?rest_route=%2Fwp%2Fv2%2Fcategories&post=1510"},{"taxonomy":"post_tag","embeddable":true,"href":"https:\/\/orlicemb.cz\/index.php?rest_route=%2Fwp%2Fv2%2Ftags&post=1510"}],"curies":[{"name":"wp","href":"https:\/\/api.w.org\/{rel}","templated":true}]}}